{"id":83982,"date":"2026-09-05T09:17:03","date_gmt":"2026-09-05T15:17:03","guid":{"rendered":"https:\/\/elreporterohgo.com\/noticias\/?p=83982"},"modified":"2026-09-05T09:17:03","modified_gmt":"2026-09-05T15:17:03","slug":"con-musica-se-promueve-la-inclusion-de-personas-con-discapacidad","status":"publish","type":"post","link":"https:\/\/elreporterohgo.com\/noticias\/2026\/09\/05\/con-musica-se-promueve-la-inclusion-de-personas-con-discapacidad\/","title":{"rendered":"Con m\u00fasica, se promueve la inclusi\u00f3n de personas con discapacidad"},"content":{"rendered":"<p>El ensamble Cem Paqui, fomenta su participaci\u00f3n en el arte<br \/>\nPACHUCA, Hgo. &#8211; Entre ritmos ancestrales, danza y un ambiente festivo, el ensamble musical inclusivo \u201cCem Paqui\u201d celebr\u00f3 su primer aniversario fomentando la participaci\u00f3n de ni\u00f1as, ni\u00f1os y adolescentes en las artes, con el apoyo del gobierno de Hidalgo a trav\u00e9s de la Secretar\u00eda de Bienestar e Inclusi\u00f3n Social (Sebiso) Hidalgo.<br \/>\nCon una emotiva presentaci\u00f3n en el auditorio Ram\u00f3n Noble Olivares, familiares, amigos y p\u00fablico en general se dieron cita para reconocer el talento, la disciplina y la pasi\u00f3n de sus integrantes, quienes viven con diferentes discapacidades, sin que esto l\u00edmite su talento y deseo por tocar.<br \/>\nBajo la direcci\u00f3n del maestro Carlos Bast\u00f3n, esta agrupaci\u00f3n conformada por ni\u00f1as, ni\u00f1os y j\u00f3venes, ha encontrado en la m\u00fasica un espacio de expresi\u00f3n, convivencia y desarrollo personal; a trav\u00e9s de la interpretaci\u00f3n de instrumentos prehisp\u00e1nicos. El ensamble no s\u00f3lo promueve la riqueza cultural, sino que demuestra que el arte es un puente accesible para todas y todos.<br \/>\nEl crecimiento de este grupo musical cuenta con el apoyo constante de la Sebiso mediante su Direcci\u00f3n General de Inclusi\u00f3n para las Personas con Discapacidad, instancia que a lo largo de este a\u00f1o ha respaldado al grupo mediante la gesti\u00f3n de espacios para ensayos, log\u00edstica de transporte, difusi\u00f3n y facilidades para sus presentaciones en diversos foros.<br \/>\nEste esfuerzo coordinado forma parte de las acciones impulsadas por la administraci\u00f3n del gobernador Julio Menchaca Salazar, para garantizar el ejercicio pleno de los derechos culturales y sociales de la poblaci\u00f3n prioritaria.<br \/>\nEn representaci\u00f3n del titular de dicha direcci\u00f3n, Alfonso Flores Barrera, Estefan\u00eda Rodr\u00edguez, jefa de Formaci\u00f3n con Perspectiva de Discapacidad; destac\u00f3 en lenguaje de se\u00f1as mexicana la relevancia de consolidar espacios de esta naturaleza en la entidad:<br \/>\n\u00abActividades como las que realiza el ensamble &#8216;Cem Paqui&#8217; son fundamentales para visibilizar el talento y la capacidad de las personas con discapacidad. Bajo el liderazgo de nuestro gobernador, trabajamos todos los d\u00edas para llegar a cada sector de la poblaci\u00f3n, brindando las herramientas y condiciones necesarias para su desarrollo integral, expres\u00f3\u201d.<\/p>\n","protected":false},"excerpt":{"rendered":"<p>El ensamble Cem Paqui, fomenta su participaci\u00f3n en el arte PACHUCA, Hgo. &#8211; Entre ritmos ancestrales, danza y un ambiente festivo, el ensamble musical inclusivo \u201cCem Paqui\u201d celebr\u00f3 su primer aniversario fomentando la participaci\u00f3n de ni\u00f1as, ni\u00f1os y adolescentes en las artes, con el apoyo del gobierno de Hidalgo a trav\u00e9s de la Secretar\u00eda de<\/p>\n","protected":false},"author":2,"featured_media":83983,"comment_status":"closed","ping_status":"closed","sticky":false,"template":"","format":"standard","meta":{"footnotes":""},"categories":[10,54],"tags":[],"class_list":{"0":"post-83982","1":"post","2":"type-post","3":"status-publish","4":"format-standard","5":"has-post-thumbnail","7":"category-hidalgo","8":"category-lo-ultimo"},"_links":{"self":[{"href":"https:\/\/elreporterohgo.com\/noticias\/wp-json\/wp\/v2\/posts\/83982","targetHints":{"allow":["GET"]}}],"collection":[{"href":"https:\/\/elreporterohgo.com\/noticias\/wp-json\/wp\/v2\/posts"}],"about":[{"href":"https:\/\/elreporterohgo.com\/noticias\/wp-json\/wp\/v2\/types\/post"}],"author":[{"embeddable":true,"href":"https:\/\/elreporterohgo.com\/noticias\/wp-json\/wp\/v2\/users\/2"}],"replies":[{"embeddable":true,"href":"https:\/\/elreporterohgo.com\/noticias\/wp-json\/wp\/v2\/comments?post=83982"}],"version-history":[{"count":1,"href":"https:\/\/elreporterohgo.com\/noticias\/wp-json\/wp\/v2\/posts\/83982\/revisions"}],"predecessor-version":[{"id":83984,"href":"https:\/\/elreporterohgo.com\/noticias\/wp-json\/wp\/v2\/posts\/83982\/revisions\/83984"}],"wp:featuredmedia":[{"embeddable":true,"href":"https:\/\/elreporterohgo.com\/noticias\/wp-json\/wp\/v2\/media\/83983"}],"wp:attachment":[{"href":"https:\/\/elreporterohgo.com\/noticias\/wp-json\/wp\/v2\/media?parent=83982"}],"wp:term":[{"taxonomy":"category","embeddable":true,"href":"https:\/\/elreporterohgo.com\/noticias\/wp-json\/wp\/v2\/categories?post=83982"},{"taxonomy":"post_tag","embeddable":true,"href":"https:\/\/elreporterohgo.com\/noticias\/wp-json\/wp\/v2\/tags?post=83982"}],"curies":[{"name":"wp","href":"https:\/\/api.w.org\/{rel}","templated":true}]}}