{"id":83946,"date":"2026-09-03T09:39:00","date_gmt":"2026-09-03T15:39:00","guid":{"rendered":"https:\/\/elreporterohgo.com\/noticias\/?p=83946"},"modified":"2026-09-03T09:39:00","modified_gmt":"2026-09-03T15:39:00","slug":"vuelca-tractocamion-con-feldespato-en-la-pachuca-tuxpan-operador-resulta-lesionado","status":"publish","type":"post","link":"https:\/\/elreporterohgo.com\/noticias\/2026\/09\/03\/vuelca-tractocamion-con-feldespato-en-la-pachuca-tuxpan-operador-resulta-lesionado\/","title":{"rendered":"Vuelca tractocami\u00f3n con feldespato en la Pachuca-Tuxpan; operador resulta lesionado"},"content":{"rendered":"<p>Un tractocami\u00f3n que transportaba feldespato en supersacos volc\u00f3 la noche del mi\u00e9rcoles 2 de septiembre sobre la carretera federal Pachuca-Tuxpan, lo que dej\u00f3 a su operador lesionado y afectaciones a la circulaci\u00f3n vehicular.<br \/>\nEl accidente ocurri\u00f3 a la altura del kil\u00f3metro 170, donde elementos de Protecci\u00f3n Civil de Acaxochitl\u00e1n acudieron para atender la emergencia.<br \/>\nParam\u00e9dicos brindaron atenci\u00f3n prehospitalaria al conductor en el lugar y posteriormente determinaron trasladarlo a una cl\u00ednica particular de Tulancingo, donde qued\u00f3 para valoraci\u00f3n y atenci\u00f3n m\u00e9dica.<br \/>\nA consecuencia de la volcadura, parte del producto que transportaba la unidad qued\u00f3 esparcido sobre la carretera, situaci\u00f3n que, junto con las maniobras necesarias para retirar el tractocami\u00f3n, mantuvo afectada la circulaci\u00f3n en este tramo de la v\u00eda federal.<br \/>\nElementos de la Guardia Nacional acudieron al sitio para tomar conocimiento del accidente y realizar las diligencias correspondientes para el deslinde de responsabilidades.<br \/>\nHasta el momento no se inform\u00f3 sobre las causas que provocaron la volcadura.<br \/>\n#HDDINFORMA | \u270d\ufe0f Por La Redacci\u00f3n<\/p>\n","protected":false},"excerpt":{"rendered":"<p>Un tractocami\u00f3n que transportaba feldespato en supersacos volc\u00f3 la noche del mi\u00e9rcoles 2 de septiembre sobre la carretera federal Pachuca-Tuxpan, lo que dej\u00f3 a su operador lesionado y afectaciones a la circulaci\u00f3n vehicular. El accidente ocurri\u00f3 a la altura del kil\u00f3metro 170, donde elementos de Protecci\u00f3n Civil de Acaxochitl\u00e1n acudieron para atender la emergencia. Param\u00e9dicos<\/p>\n","protected":false},"author":2,"featured_media":83947,"comment_status":"closed","ping_status":"closed","sticky":false,"template":"","format":"standard","meta":{"footnotes":""},"categories":[10,54,60],"tags":[],"class_list":{"0":"post-83946","1":"post","2":"type-post","3":"status-publish","4":"format-standard","5":"has-post-thumbnail","7":"category-hidalgo","8":"category-lo-ultimo","9":"category-seguridad"},"_links":{"self":[{"href":"https:\/\/elreporterohgo.com\/noticias\/wp-json\/wp\/v2\/posts\/83946","targetHints":{"allow":["GET"]}}],"collection":[{"href":"https:\/\/elreporterohgo.com\/noticias\/wp-json\/wp\/v2\/posts"}],"about":[{"href":"https:\/\/elreporterohgo.com\/noticias\/wp-json\/wp\/v2\/types\/post"}],"author":[{"embeddable":true,"href":"https:\/\/elreporterohgo.com\/noticias\/wp-json\/wp\/v2\/users\/2"}],"replies":[{"embeddable":true,"href":"https:\/\/elreporterohgo.com\/noticias\/wp-json\/wp\/v2\/comments?post=83946"}],"version-history":[{"count":1,"href":"https:\/\/elreporterohgo.com\/noticias\/wp-json\/wp\/v2\/posts\/83946\/revisions"}],"predecessor-version":[{"id":83948,"href":"https:\/\/elreporterohgo.com\/noticias\/wp-json\/wp\/v2\/posts\/83946\/revisions\/83948"}],"wp:featuredmedia":[{"embeddable":true,"href":"https:\/\/elreporterohgo.com\/noticias\/wp-json\/wp\/v2\/media\/83947"}],"wp:attachment":[{"href":"https:\/\/elreporterohgo.com\/noticias\/wp-json\/wp\/v2\/media?parent=83946"}],"wp:term":[{"taxonomy":"category","embeddable":true,"href":"https:\/\/elreporterohgo.com\/noticias\/wp-json\/wp\/v2\/categories?post=83946"},{"taxonomy":"post_tag","embeddable":true,"href":"https:\/\/elreporterohgo.com\/noticias\/wp-json\/wp\/v2\/tags?post=83946"}],"curies":[{"name":"wp","href":"https:\/\/api.w.org\/{rel}","templated":true}]}}