{"id":83939,"date":"2026-09-03T09:28:37","date_gmt":"2026-09-03T15:28:37","guid":{"rendered":"https:\/\/elreporterohgo.com\/noticias\/?p=83939"},"modified":"2026-09-03T09:28:37","modified_gmt":"2026-09-03T15:28:37","slug":"homenaje-a-jose-jose-recordara-los-grandes-exitos-del-principe-de-la-cancion","status":"publish","type":"post","link":"https:\/\/elreporterohgo.com\/noticias\/2026\/09\/03\/homenaje-a-jose-jose-recordara-los-grandes-exitos-del-principe-de-la-cancion\/","title":{"rendered":"Homenaje a Jos\u00e9 Jos\u00e9 recordar\u00e1 los grandes \u00e9xitos del Pr\u00edncipe  de la canci\u00f3n"},"content":{"rendered":"<p>\u25cf Los temas del aclamado \u00e1lbum Secretos, de 1983, se reunir\u00e1n en un popurr\u00ed<\/p>\n<p>PACHUCA, Hgo. &#8211; La Secretar\u00eda de Cultura del Estado de Hidalgo presenta Jos\u00e9 Jos\u00e9 Sinf\u00f3nico,<br \/>\nHomenaje al Pr\u00edncipe de la Canci\u00f3n, un concierto \u00fanico que recuerda los<br \/>\ngrandes \u00e9xitos del artista, interpretados por la Orquesta Sinf\u00f3nica del Estado<br \/>\nde Hidalgo (OSEH), cuyo director es H\u00e9ctor Javier Reyes Bonilla.<br \/>\nLa invitaci\u00f3n es para el jueves 17 de septiembre, a las 19:00 horas, en el<br \/>\nAuditorio Gota de Plata, en donde se contar\u00e1 con las participaciones de los<br \/>\ncantantes David Argel Cruz, Jjuncoreano, Julio Trejo y Armando G\u00f3mez<br \/>\nMart\u00ednez.<br \/>\nDentro del repertorio programado se presentar\u00e1n temas como \u201cEl triste\u201d,<br \/>\ntema que consolid\u00f3 a Jos\u00e9 Jos\u00e9 como uno de los int\u00e9rpretes m\u00e1s destacados<br \/>\nde M\u00e9xico y Latinoam\u00e9rica.<br \/>\nAsimismo, escuchar\u00e1n composiciones como \u201cGavil\u00e1n o paloma\u201d, \u201cLo pasado<br \/>\npasado\u201d, \u201cLo que no fue no ser\u00e1\u201d, \u201cSi me dejas ahora\u201d, \u201cVolc\u00e1n\u201d, \u201cO t\u00fa o yo\u201d, \u201cEl<br \/>\namar y querer\u201d, \u201cAlmohada\u201d, \u201cSer\u00e9\u201d, \u201cBuenos d\u00edas, amor\u201d, \u201cLa nave del olvido\u201d,<br \/>\n\u201cNo me platiques m\u00e1s\u201d y \u201cAmnesia\u201d.<br \/>\nY como parte del final del programa, el Popurr\u00ed Secretos reunir\u00e1 algunos de<br \/>\nlos grandes \u00e9xitos del aclamado \u00e1lbum Secretos (1983), canciones que<br \/>\ncombinan letras de nostalgia, desamor y romance.<br \/>\nLos boletos para el concierto se pueden adquirir en el Teatro Hidalgo<br \/>\nBartolom\u00e9 de Medina, en el Centro Cultural del Ferrocarril y a trav\u00e9s de la<br \/>\nTaquilla Digital en: https:\/\/taquilla.cecultah.gob.mx\/events\/concierto-jose-jose-sinfonico-<br \/>\n2026\/<br \/>\nA trav\u00e9s de estas actividades, el gobierno de Julio Menchaca Salazar, a trav\u00e9s<br \/>\nde la Secretar\u00eda de Cultura, refuerza las estrategias de apoyo a la expresi\u00f3n<br \/>\nart\u00edstica de m\u00fasicos y cantantes hidalguenses.<\/p>\n","protected":false},"excerpt":{"rendered":"<p>\u25cf Los temas del aclamado \u00e1lbum Secretos, de 1983, se reunir\u00e1n en un popurr\u00ed PACHUCA, Hgo. &#8211; La Secretar\u00eda de Cultura del Estado de Hidalgo presenta Jos\u00e9 Jos\u00e9 Sinf\u00f3nico, Homenaje al Pr\u00edncipe de la Canci\u00f3n, un concierto \u00fanico que recuerda los grandes \u00e9xitos del artista, interpretados por la Orquesta Sinf\u00f3nica del Estado de Hidalgo (OSEH),<\/p>\n","protected":false},"author":2,"featured_media":83940,"comment_status":"closed","ping_status":"closed","sticky":false,"template":"","format":"standard","meta":{"footnotes":""},"categories":[10,54],"tags":[],"class_list":{"0":"post-83939","1":"post","2":"type-post","3":"status-publish","4":"format-standard","5":"has-post-thumbnail","7":"category-hidalgo","8":"category-lo-ultimo"},"_links":{"self":[{"href":"https:\/\/elreporterohgo.com\/noticias\/wp-json\/wp\/v2\/posts\/83939","targetHints":{"allow":["GET"]}}],"collection":[{"href":"https:\/\/elreporterohgo.com\/noticias\/wp-json\/wp\/v2\/posts"}],"about":[{"href":"https:\/\/elreporterohgo.com\/noticias\/wp-json\/wp\/v2\/types\/post"}],"author":[{"embeddable":true,"href":"https:\/\/elreporterohgo.com\/noticias\/wp-json\/wp\/v2\/users\/2"}],"replies":[{"embeddable":true,"href":"https:\/\/elreporterohgo.com\/noticias\/wp-json\/wp\/v2\/comments?post=83939"}],"version-history":[{"count":1,"href":"https:\/\/elreporterohgo.com\/noticias\/wp-json\/wp\/v2\/posts\/83939\/revisions"}],"predecessor-version":[{"id":83941,"href":"https:\/\/elreporterohgo.com\/noticias\/wp-json\/wp\/v2\/posts\/83939\/revisions\/83941"}],"wp:featuredmedia":[{"embeddable":true,"href":"https:\/\/elreporterohgo.com\/noticias\/wp-json\/wp\/v2\/media\/83940"}],"wp:attachment":[{"href":"https:\/\/elreporterohgo.com\/noticias\/wp-json\/wp\/v2\/media?parent=83939"}],"wp:term":[{"taxonomy":"category","embeddable":true,"href":"https:\/\/elreporterohgo.com\/noticias\/wp-json\/wp\/v2\/categories?post=83939"},{"taxonomy":"post_tag","embeddable":true,"href":"https:\/\/elreporterohgo.com\/noticias\/wp-json\/wp\/v2\/tags?post=83939"}],"curies":[{"name":"wp","href":"https:\/\/api.w.org\/{rel}","templated":true}]}}