{"id":83920,"date":"2026-09-02T11:17:43","date_gmt":"2026-09-02T17:17:43","guid":{"rendered":"https:\/\/elreporterohgo.com\/noticias\/?p=83920"},"modified":"2026-09-02T11:17:43","modified_gmt":"2026-09-02T17:17:43","slug":"renuevan-aulas-de-educacion-inicial-en-santa-barbara-tendran-nueva-losa","status":"publish","type":"post","link":"https:\/\/elreporterohgo.com\/noticias\/2026\/09\/02\/renuevan-aulas-de-educacion-inicial-en-santa-barbara-tendran-nueva-losa\/","title":{"rendered":"Renuevan aulas de Educaci\u00f3n Inicial en Santa B\u00e1rbara; tendr\u00e1n nueva losa"},"content":{"rendered":"<p>Emiliano Zapata, Hgo.\u2013 Con una rehabilitaci\u00f3n integral que contempla la construcci\u00f3n de una nueva losa, arrancaron los trabajos de mejoramiento de las aulas de Educaci\u00f3n Inicial en esta localidad, obra que busca garantizar un espacio m\u00e1s digno y seguro para ni\u00f1as y ni\u00f1os.<br \/>\nEl banderazo de inicio fue encabezado por la presidenta municipal de Emiliano Zapata, doctora Nely Hern\u00e1ndez Palomares, quien destac\u00f3 que la intervenci\u00f3n ser\u00e1 integral y permitir\u00e1 mejorar las condiciones de infraestructura del inmueble destinado a la formaci\u00f3n de los menores.<br \/>\nEn el acto participaron tambi\u00e9n el secretario general municipal, H\u00e9ctor Garc\u00eda Hern\u00e1ndez; la regidora M\u00f3nica Anell Castel\u00e1n; funcionarios p\u00fablicos, autoridades locales, vecinos y madres de familia.<br \/>\nLa obra representa una acci\u00f3n encaminada a fortalecer la infraestructura educativa de Santa B\u00e1rbara y brindar a la comunidad infantil instalaciones adecuadas para su desarrollo y aprendizaje.<br \/>\nCon una nueva losa y la rehabilitaci\u00f3n total de las aulas, Santa B\u00e1rbara da un paso m\u00e1s en el mejoramiento de sus espacios educativos.<\/p>\n","protected":false},"excerpt":{"rendered":"<p>Emiliano Zapata, Hgo.\u2013 Con una rehabilitaci\u00f3n integral que contempla la construcci\u00f3n de una nueva losa, arrancaron los trabajos de mejoramiento de las aulas de Educaci\u00f3n Inicial en esta localidad, obra que busca garantizar un espacio m\u00e1s digno y seguro para ni\u00f1as y ni\u00f1os. El banderazo de inicio fue encabezado por la presidenta municipal de Emiliano<\/p>\n","protected":false},"author":2,"featured_media":83921,"comment_status":"closed","ping_status":"closed","sticky":false,"template":"","format":"standard","meta":{"footnotes":""},"categories":[10,54,65],"tags":[],"class_list":{"0":"post-83920","1":"post","2":"type-post","3":"status-publish","4":"format-standard","5":"has-post-thumbnail","7":"category-hidalgo","8":"category-lo-ultimo","9":"category-municipios"},"_links":{"self":[{"href":"https:\/\/elreporterohgo.com\/noticias\/wp-json\/wp\/v2\/posts\/83920","targetHints":{"allow":["GET"]}}],"collection":[{"href":"https:\/\/elreporterohgo.com\/noticias\/wp-json\/wp\/v2\/posts"}],"about":[{"href":"https:\/\/elreporterohgo.com\/noticias\/wp-json\/wp\/v2\/types\/post"}],"author":[{"embeddable":true,"href":"https:\/\/elreporterohgo.com\/noticias\/wp-json\/wp\/v2\/users\/2"}],"replies":[{"embeddable":true,"href":"https:\/\/elreporterohgo.com\/noticias\/wp-json\/wp\/v2\/comments?post=83920"}],"version-history":[{"count":1,"href":"https:\/\/elreporterohgo.com\/noticias\/wp-json\/wp\/v2\/posts\/83920\/revisions"}],"predecessor-version":[{"id":83922,"href":"https:\/\/elreporterohgo.com\/noticias\/wp-json\/wp\/v2\/posts\/83920\/revisions\/83922"}],"wp:featuredmedia":[{"embeddable":true,"href":"https:\/\/elreporterohgo.com\/noticias\/wp-json\/wp\/v2\/media\/83921"}],"wp:attachment":[{"href":"https:\/\/elreporterohgo.com\/noticias\/wp-json\/wp\/v2\/media?parent=83920"}],"wp:term":[{"taxonomy":"category","embeddable":true,"href":"https:\/\/elreporterohgo.com\/noticias\/wp-json\/wp\/v2\/categories?post=83920"},{"taxonomy":"post_tag","embeddable":true,"href":"https:\/\/elreporterohgo.com\/noticias\/wp-json\/wp\/v2\/tags?post=83920"}],"curies":[{"name":"wp","href":"https:\/\/api.w.org\/{rel}","templated":true}]}}