{"id":83911,"date":"2026-09-02T09:53:49","date_gmt":"2026-09-02T15:53:49","guid":{"rendered":"https:\/\/elreporterohgo.com\/noticias\/?p=83911"},"modified":"2026-09-02T09:53:49","modified_gmt":"2026-09-02T15:53:49","slug":"impulsan-autonomia-laboral-de-personas-con-discapacidad","status":"publish","type":"post","link":"https:\/\/elreporterohgo.com\/noticias\/2026\/09\/02\/impulsan-autonomia-laboral-de-personas-con-discapacidad\/","title":{"rendered":"Impulsan autonom\u00eda laboral de personas  con discapacidad"},"content":{"rendered":"<p>El programa cuenta con una comunidad activa de 30 personas, 10 productoras y 20 practicantes<\/p>\n<p>PACHUCA, Hgo. &#8211; Con el compromiso de construir un estado m\u00e1s equitativo, accesible y humano, la Secretar\u00eda de Bienestar e Inclusi\u00f3n Social (Sebiso), a trav\u00e9s de la Direcci\u00f3n de Inclusi\u00f3n para las Personas con Discapacidad, lleva a cabo un taller de habilidades laborales dise\u00f1ado para abrir puertas a la experiencia pr\u00e1ctica y promover la autonom\u00eda econ\u00f3mica de las personas con discapacidad en Hidalgo.<\/p>\n<p>Esta iniciativa ofrece a las y los participantes la oportunidad de adentrarse en el sector productivo mediante un programa de formaci\u00f3n enfocado en la costura, centrado principalmente en la elaboraci\u00f3n artesanal de piezas para peluches. <\/p>\n<p>M\u00e1s all\u00e1 de una t\u00e9cnica manual, el taller est\u00e1 estructurado para que las y los asistentes aprendan sobre los procesos de producci\u00f3n y desarrollen habilidades clave como la gesti\u00f3n del tiempo, el cumplimiento de metas y la disciplina de un esquema de trabajo adaptado a sus din\u00e1micas familiares desde casa, sentando las bases para que en el futuro puedan postular a oportunidades laborales de mayor formalidad.<\/p>\n<p>Las jornadas de formaci\u00f3n se realizan de manera presencial en las instalaciones de la Direcci\u00f3n de Inclusi\u00f3n, donde el personal capacita a las y los asistentes en las t\u00e9cnicas de costura y confecci\u00f3n. <\/p>\n<p>Conforme las y los participantes avanzan y perfeccionan su producci\u00f3n, la f\u00e1brica receptora de estas piezas puede adquirirlas y brindar un apoyo econ\u00f3mico directo durante su capacitaci\u00f3n. Este beneficio monetario sirve como un incentivo constante que inspira, recompensa y reconoce su valioso esfuerzo e impulso productivo.<\/p>\n<p>Adem\u00e1s del impacto econ\u00f3mico y el aprendizaje t\u00e9cnico, el espacio de capacitaci\u00f3n se ha consolidado como un entorno recreativo y de convivencia comunitaria, permitiendo a las y los asistentes tejer redes de apoyo mutuo, socializar y fortalecer lazos afectivos que abaten el aislamiento social.<\/p>\n<p>Al respecto, el director de Inclusi\u00f3n para las Personas con Discapacidad, Alfonso Hayyim Flores Barrera, destac\u00f3: \u201cEn este gobierno demostramos que las personas con discapacidad merecen y tienen la capacidad plena de sentirse \u00fatiles, productivas y ser protagonistas de su propio desarrollo, adquiriendo herramientas clave para adentrarse al mercado laboral formal\u201d.<\/p>\n<p>Hasta la fecha, el programa cuenta con una comunidad activa de 30 personas, 10 productoras y 20 practicantes en proceso de perfeccionamiento, quienes han alcanzado la destacada cifra de m\u00e1s de 9 mil piezas elaboradas y entregadas.<\/p>\n<p>Las personas interesadas en formar parte de este programa o en solicitar mayores informes pueden comunicarse al tel\u00e9fono 771 717 6000 extensi\u00f3n 4491, acudir directamente a las oficinas ubicadas en Calle 16 de enero #309, Colonia Revoluci\u00f3n, en Pachuca, Hidalgo, C.P. 42060, o bien consultar los detalles a trav\u00e9s de las redes sociales oficiales en facebook.com\/DiscapacidadHgo.<\/p>\n","protected":false},"excerpt":{"rendered":"<p>El programa cuenta con una comunidad activa de 30 personas, 10 productoras y 20 practicantes PACHUCA, Hgo. &#8211; Con el compromiso de construir un estado m\u00e1s equitativo, accesible y humano, la Secretar\u00eda de Bienestar e Inclusi\u00f3n Social (Sebiso), a trav\u00e9s de la Direcci\u00f3n de Inclusi\u00f3n para las Personas con Discapacidad, lleva a cabo un taller<\/p>\n","protected":false},"author":2,"featured_media":83912,"comment_status":"closed","ping_status":"closed","sticky":false,"template":"","format":"standard","meta":{"footnotes":""},"categories":[10,54],"tags":[],"class_list":{"0":"post-83911","1":"post","2":"type-post","3":"status-publish","4":"format-standard","5":"has-post-thumbnail","7":"category-hidalgo","8":"category-lo-ultimo"},"_links":{"self":[{"href":"https:\/\/elreporterohgo.com\/noticias\/wp-json\/wp\/v2\/posts\/83911","targetHints":{"allow":["GET"]}}],"collection":[{"href":"https:\/\/elreporterohgo.com\/noticias\/wp-json\/wp\/v2\/posts"}],"about":[{"href":"https:\/\/elreporterohgo.com\/noticias\/wp-json\/wp\/v2\/types\/post"}],"author":[{"embeddable":true,"href":"https:\/\/elreporterohgo.com\/noticias\/wp-json\/wp\/v2\/users\/2"}],"replies":[{"embeddable":true,"href":"https:\/\/elreporterohgo.com\/noticias\/wp-json\/wp\/v2\/comments?post=83911"}],"version-history":[{"count":1,"href":"https:\/\/elreporterohgo.com\/noticias\/wp-json\/wp\/v2\/posts\/83911\/revisions"}],"predecessor-version":[{"id":83913,"href":"https:\/\/elreporterohgo.com\/noticias\/wp-json\/wp\/v2\/posts\/83911\/revisions\/83913"}],"wp:featuredmedia":[{"embeddable":true,"href":"https:\/\/elreporterohgo.com\/noticias\/wp-json\/wp\/v2\/media\/83912"}],"wp:attachment":[{"href":"https:\/\/elreporterohgo.com\/noticias\/wp-json\/wp\/v2\/media?parent=83911"}],"wp:term":[{"taxonomy":"category","embeddable":true,"href":"https:\/\/elreporterohgo.com\/noticias\/wp-json\/wp\/v2\/categories?post=83911"},{"taxonomy":"post_tag","embeddable":true,"href":"https:\/\/elreporterohgo.com\/noticias\/wp-json\/wp\/v2\/tags?post=83911"}],"curies":[{"name":"wp","href":"https:\/\/api.w.org\/{rel}","templated":true}]}}