{"id":83859,"date":"2026-08-31T15:20:49","date_gmt":"2026-08-31T21:20:49","guid":{"rendered":"https:\/\/elreporterohgo.com\/noticias\/?p=83859"},"modified":"2026-08-31T15:20:49","modified_gmt":"2026-08-31T21:20:49","slug":"rafael-garnica-la-educacion-debe-estar-por-encima-de-la-grilla-politica-en-apan","status":"publish","type":"post","link":"https:\/\/elreporterohgo.com\/noticias\/2026\/08\/31\/rafael-garnica-la-educacion-debe-estar-por-encima-de-la-grilla-politica-en-apan\/","title":{"rendered":"Rafael Garnica: \u201cLa educaci\u00f3n debe estar por encima de la grilla pol\u00edtica en Apan\u201d"},"content":{"rendered":"<p>Por Juan Sabino Cruz<br \/>\nEl ex presidente municipal de Apan llam\u00f3 a generar unidad para concretar proyectos educativos y evitar que las diferencias pol\u00edticas frenen oportunidades para el municipio.<br \/>\nAPAN, HGO. &#8211; Ante la posibilidad de que Apan albergue una nueva preparatoria gratuita del sistema de educaci\u00f3n media superior, Rafael Garnica Alonso, ex presidente municipal de Apan y actual director de Promoci\u00f3n Cultural de la Universidad Aut\u00f3noma del Estado de Hidalgo (UAEH), consider\u00f3 que un proyecto de esta naturaleza debe estar por encima de cualquier diferencia pol\u00edtica o problema interno del Ayuntamiento.<br \/>\nEn entrevista para EL REPORTERO, destac\u00f3 la importancia de que el Cabildo y las autoridades municipales generen las condiciones necesarias para facilitar la llegada de infraestructura educativa que beneficie principalmente a j\u00f3venes de familias con dificultades econ\u00f3micas.<br \/>\n\u2014Rafael, \u00bfcu\u00e1l es tu opini\u00f3n sobre la posibilidad de que Apan cuente con una nueva preparatoria gratuita?<br \/>\n\u2014Considero que, independientemente de los problemas internos que pueda tener el Ayuntamiento, debe existir sinergia de todo el Cabildo y de quienes participan en la toma de decisiones cuando se trata de un proyecto educativo.<br \/>\nDebe existir unidad para poder cristalizar un proyecto que beneficie a las personas m\u00e1s vulnerables, a quienes muchas veces no tienen la posibilidad econ\u00f3mica de acceder a una instituci\u00f3n particular o adaptarse a determinados modelos acad\u00e9micos.<br \/>\nEl factor econ\u00f3mico es importante. Muchas familias de Apan no tienen los recursos suficientes para pagar una escuela privada y, en consecuencia, tampoco cuentan con las condiciones para brindar a sus hijos una educaci\u00f3n media superior como quisieran.<br \/>\n\u2014\u00bfConsideras que Apan est\u00e1 desaprovechando una oportunidad?<br \/>\n\u2014En lo particular, me da mucha tristeza que no pueda generarse esa unidad para buscar la posibilidad de contar con una reserva territorial y otorgar las facilidades necesarias para concretar este proyecto.<br \/>\nEl hecho de que el gobernador del estado y el secretario de Educaci\u00f3n hayan puesto los ojos en Apan con una preparatoria representa una oportunidad que no deber\u00edamos desperdiciar.<br \/>\nM\u00e1s all\u00e1 de cualquier diferencia pol\u00edtica, debemos entender que estamos hablando del futuro de nuestros j\u00f3venes.<br \/>\n\u2014\u00bfQu\u00e9 representa para Apan contar con m\u00e1s infraestructura educativa?<br \/>\n\u2014Representa una oportunidad enorme. Desde hace aproximadamente veinte a\u00f1os tengo en mente que Apan puede desarrollar un concepto que en otros lugares se conoce como turismo educativo, que permite que j\u00f3venes de otros municipios e incluso de otros estados acudan a nuestro territorio para realizar sus estudios.<br \/>\nHace veinte a\u00f1os se gestion\u00f3 la construcci\u00f3n de la Escuela Superior de Apan, que actualmente se encuentra en Chimalpa. Hoy tenemos una instituci\u00f3n con carreras de nivel profesional y una comunidad acad\u00e9mica de gran nivel.<br \/>\nPor eso considero que debemos continuar impulsando las gestiones para ampliar la oferta educativa en nuestro municipio.<br \/>\n\u2014\u00bfExiste la posibilidad de impulsar una preparatoria vinculada con la Universidad Aut\u00f3noma del Estado de Hidalgo?<br \/>\n\u2014Creo que tambi\u00e9n debemos plantearnos esa posibilidad. \u00bfPor qu\u00e9 no pensar en una preparatoria dependiente de la Universidad Aut\u00f3noma del Estado de Hidalgo que pudiera instalarse o albergarse en las propias instalaciones de la Escuela Superior de Apan?<br \/>\nTenemos infraestructura, tenemos la experiencia y existen facilidades de traslado y transporte que pueden contribuir a disminuir los gastos para las familias.<br \/>\nNo debemos limitarnos a una sola alternativa. Si existe la posibilidad de que llegue una preparatoria a Apan, tenemos que buscar todas las opciones que permitan ampliar las oportunidades educativas para nuestros j\u00f3venes.<br \/>\n\u2014\u00bfLa gesti\u00f3n continuar\u00e1?<br \/>\n\u2014Por supuesto. No nos vamos a detener en la gesti\u00f3n para que, a muy corto plazo, quienes deban hacer el anuncio, que son nuestras autoridades universitarias, puedan hacerlo y, en su momento, fijar una fecha para la apertura de esta preparatoria.<br \/>\nNosotros continuaremos haciendo la gesti\u00f3n en beneficio de nuestro pueblo, como estamos acostumbrados a hacerlo, m\u00e1s all\u00e1 de la grilla y m\u00e1s all\u00e1 de la pol\u00edtica que termina da\u00f1ando a nuestro municipio.<br \/>\nLo haremos con mucho gusto y con resultados para el pueblo.<br \/>\n\u2014M\u00e1s all\u00e1 del tema educativo, \u00bfc\u00f3mo observas actualmente a Apan?<br \/>\n\u2014Nuestro pueblo requiere trabajo y, sobre todo, generar factores de unidad. Necesitamos ir m\u00e1s all\u00e1 de problemas est\u00e9riles o de se\u00f1alamientos que \u00fanicamente se quedan en eso: se\u00f1alamientos.<br \/>\nCualquier persona puede identificar lo que est\u00e1 mal en nuestro municipio. Eso no tiene ninguna grandeza. Lo verdaderamente importante es decir: \u201cesto est\u00e1 mal, pero la forma de resolverlo es esta\u201d.<br \/>\nHay que plantear el c\u00f3mo s\u00ed, no solamente el c\u00f3mo no.<br \/>\nLamentablemente, hoy en Apan vemos que muchas personas \u00fanicamente observan el \u00e1rbol y se pelean con el tronco, pero dejan de ver el bosque.<br \/>\nTenemos que ver el bosque.<br \/>\nSi todos los apanenses somos capaces de mirar hacia un mismo objetivo y dejamos de lado las grillas, los mitos y las cuestiones est\u00e9riles, estoy convencido de que podemos construir un gran proyecto para nuestro municipio.<br \/>\nPor eso vamos a tratar de contribuir y tomar algunas decisiones en el corto plazo que permitan plantear una propuesta que la ciudadan\u00eda pueda abrazar.<br \/>\nEstoy seguro de que vendr\u00e1n los mitos, los ataques y todo lo que acostumbran algunos sectores, pero tambi\u00e9n creo que si los ciudadanos me permiten entrar a sus hogares, platicar con ellos y escuchar sus inquietudes, podremos aclarar dudas e incluso disipar temores.<br \/>\nA lo largo de la historia se han construido fantasmas que muchas veces solamente existen en el imaginario de quienes los crean, y eso tambi\u00e9n termina da\u00f1ando el desarrollo y el progreso de nuestro pueblo.<br \/>\nApan necesita dejar atr\u00e1s esas divisiones y comenzar a construir una visi\u00f3n de futuro. La educaci\u00f3n, el desarrollo y las oportunidades para nuestros j\u00f3venes deben estar por encima de cualquier diferencia pol\u00edtica.<\/p>\n","protected":false},"excerpt":{"rendered":"<p>Por Juan Sabino Cruz El ex presidente municipal de Apan llam\u00f3 a generar unidad para concretar proyectos educativos y evitar que las diferencias pol\u00edticas frenen oportunidades para el municipio. APAN, HGO. &#8211; Ante la posibilidad de que Apan albergue una nueva preparatoria gratuita del sistema de educaci\u00f3n media superior, Rafael Garnica Alonso, ex presidente municipal<\/p>\n","protected":false},"author":2,"featured_media":83860,"comment_status":"closed","ping_status":"closed","sticky":false,"template":"","format":"standard","meta":{"footnotes":""},"categories":[10,54],"tags":[],"class_list":{"0":"post-83859","1":"post","2":"type-post","3":"status-publish","4":"format-standard","5":"has-post-thumbnail","7":"category-hidalgo","8":"category-lo-ultimo"},"_links":{"self":[{"href":"https:\/\/elreporterohgo.com\/noticias\/wp-json\/wp\/v2\/posts\/83859","targetHints":{"allow":["GET"]}}],"collection":[{"href":"https:\/\/elreporterohgo.com\/noticias\/wp-json\/wp\/v2\/posts"}],"about":[{"href":"https:\/\/elreporterohgo.com\/noticias\/wp-json\/wp\/v2\/types\/post"}],"author":[{"embeddable":true,"href":"https:\/\/elreporterohgo.com\/noticias\/wp-json\/wp\/v2\/users\/2"}],"replies":[{"embeddable":true,"href":"https:\/\/elreporterohgo.com\/noticias\/wp-json\/wp\/v2\/comments?post=83859"}],"version-history":[{"count":1,"href":"https:\/\/elreporterohgo.com\/noticias\/wp-json\/wp\/v2\/posts\/83859\/revisions"}],"predecessor-version":[{"id":83861,"href":"https:\/\/elreporterohgo.com\/noticias\/wp-json\/wp\/v2\/posts\/83859\/revisions\/83861"}],"wp:featuredmedia":[{"embeddable":true,"href":"https:\/\/elreporterohgo.com\/noticias\/wp-json\/wp\/v2\/media\/83860"}],"wp:attachment":[{"href":"https:\/\/elreporterohgo.com\/noticias\/wp-json\/wp\/v2\/media?parent=83859"}],"wp:term":[{"taxonomy":"category","embeddable":true,"href":"https:\/\/elreporterohgo.com\/noticias\/wp-json\/wp\/v2\/categories?post=83859"},{"taxonomy":"post_tag","embeddable":true,"href":"https:\/\/elreporterohgo.com\/noticias\/wp-json\/wp\/v2\/tags?post=83859"}],"curies":[{"name":"wp","href":"https:\/\/api.w.org\/{rel}","templated":true}]}}