{"id":83847,"date":"2026-08-31T07:11:58","date_gmt":"2026-08-31T13:11:58","guid":{"rendered":"https:\/\/elreporterohgo.com\/noticias\/?p=83847"},"modified":"2026-08-31T07:11:58","modified_gmt":"2026-08-31T13:11:58","slug":"cesar-costa-y-odin-dupeyron-compartiran-reflexiones-y-trayectoria-en-la-ful-2026","status":"publish","type":"post","link":"https:\/\/elreporterohgo.com\/noticias\/2026\/08\/31\/cesar-costa-y-odin-dupeyron-compartiran-reflexiones-y-trayectoria-en-la-ful-2026\/","title":{"rendered":"C\u00e9sar Costa y Odin Dupeyron compartir\u00e1n reflexiones y trayectoria en la FUL 2026"},"content":{"rendered":"<p>Pachuca de Soto, Hidalgo.- Como parte de las actividades estelares de la 39 Feria Universitaria del<br \/>\nLibro (FUL), la Universidad Aut\u00f3noma del Estado de Hidalgo (UAEH) recibir\u00e1 a los reconocidos<br \/>\nmexicanos C\u00e9sar Costa y Odin Dupeyron, quienes compartir\u00e1n sus trayectorias y perspectivas con<br \/>\nel p\u00fablico en el Auditorio Josefina Garc\u00eda Quintanar, ubicado en el Polif\u00f3rum \u201cCarlos Mart\u00ednez<br \/>\nBalmori\u201d.<br \/>\nEl s\u00e1bado 12 de septiembre, a las 17:00 horas, el \u00edcono del rock and roll y protagonista de la<br \/>\nexitosa serie Pap\u00e1 Soltero presentar\u00e1 su obra autobiogr\u00e1fica Lo m\u00edo fue un sue\u00f1o. A trav\u00e9s de un<br \/>\nrecorrido por sus vivencias en la m\u00fasica, la televisi\u00f3n y el cine de los a\u00f1os ochenta, el autor<br \/>\nbuscar\u00e1 inspirar a las y los asistentes a enfrentar sus miedos para alcanzar sus metas.<br \/>\nAl d\u00eda siguiente, el domingo 13 a las 12:00 horas, el actor, productor y escritor del bestseller Y<br \/>\ncolor\u00edn colorado este cuento a\u00fan no se ha acabado, dictar\u00e1 la conferencia \u201cSer disidente\u201d. Durante<br \/>\nesta charla, Odin Dupeyron abrir\u00e1 un espacio dise\u00f1ado para reflexionar sobre la libertad, el<br \/>\npensamiento cr\u00edtico, la autenticidad y la importancia de cuestionar las normas sociales.<br \/>\nLa cartelera completa con estos y otros eventos de &quot;La Feria de Todas y Todos&quot; puede consultarse<br \/>\nmediante el portal oficial: https:\/\/www.uaeh.edu.mx\/ful\/2026\/programa-general\/.<\/p>\n","protected":false},"excerpt":{"rendered":"<p>Pachuca de Soto, Hidalgo.- Como parte de las actividades estelares de la 39 Feria Universitaria del Libro (FUL), la Universidad Aut\u00f3noma del Estado de Hidalgo (UAEH) recibir\u00e1 a los reconocidos mexicanos C\u00e9sar Costa y Odin Dupeyron, quienes compartir\u00e1n sus trayectorias y perspectivas con el p\u00fablico en el Auditorio Josefina Garc\u00eda Quintanar, ubicado en el Polif\u00f3rum<\/p>\n","protected":false},"author":2,"featured_media":83848,"comment_status":"closed","ping_status":"closed","sticky":false,"template":"","format":"standard","meta":{"footnotes":""},"categories":[10,54],"tags":[],"class_list":{"0":"post-83847","1":"post","2":"type-post","3":"status-publish","4":"format-standard","5":"has-post-thumbnail","7":"category-hidalgo","8":"category-lo-ultimo"},"_links":{"self":[{"href":"https:\/\/elreporterohgo.com\/noticias\/wp-json\/wp\/v2\/posts\/83847","targetHints":{"allow":["GET"]}}],"collection":[{"href":"https:\/\/elreporterohgo.com\/noticias\/wp-json\/wp\/v2\/posts"}],"about":[{"href":"https:\/\/elreporterohgo.com\/noticias\/wp-json\/wp\/v2\/types\/post"}],"author":[{"embeddable":true,"href":"https:\/\/elreporterohgo.com\/noticias\/wp-json\/wp\/v2\/users\/2"}],"replies":[{"embeddable":true,"href":"https:\/\/elreporterohgo.com\/noticias\/wp-json\/wp\/v2\/comments?post=83847"}],"version-history":[{"count":1,"href":"https:\/\/elreporterohgo.com\/noticias\/wp-json\/wp\/v2\/posts\/83847\/revisions"}],"predecessor-version":[{"id":83849,"href":"https:\/\/elreporterohgo.com\/noticias\/wp-json\/wp\/v2\/posts\/83847\/revisions\/83849"}],"wp:featuredmedia":[{"embeddable":true,"href":"https:\/\/elreporterohgo.com\/noticias\/wp-json\/wp\/v2\/media\/83848"}],"wp:attachment":[{"href":"https:\/\/elreporterohgo.com\/noticias\/wp-json\/wp\/v2\/media?parent=83847"}],"wp:term":[{"taxonomy":"category","embeddable":true,"href":"https:\/\/elreporterohgo.com\/noticias\/wp-json\/wp\/v2\/categories?post=83847"},{"taxonomy":"post_tag","embeddable":true,"href":"https:\/\/elreporterohgo.com\/noticias\/wp-json\/wp\/v2\/tags?post=83847"}],"curies":[{"name":"wp","href":"https:\/\/api.w.org\/{rel}","templated":true}]}}