{"id":80428,"date":"2026-05-01T22:35:28","date_gmt":"2026-05-02T04:35:28","guid":{"rendered":"https:\/\/elreporterohgo.com\/noticias\/?p=80428"},"modified":"2026-05-01T22:35:28","modified_gmt":"2026-05-02T04:35:28","slug":"julio-menchaca-destaca-legado-e-identidad-del-mercado-primero-de-mayo","status":"publish","type":"post","link":"https:\/\/elreporterohgo.com\/noticias\/2026\/05\/01\/julio-menchaca-destaca-legado-e-identidad-del-mercado-primero-de-mayo\/","title":{"rendered":"Julio Menchaca destaca legado e identidad del mercado Primero de Mayo"},"content":{"rendered":"<p>PACHUCA, Hgo. -En el marco de las celebraciones por el 100 Aniversario del mercado Primero de Mayo, el gobernador de Hidalgo, Julio Menchaca Salazar, destac\u00f3 el valor hist\u00f3rico y social de este emblem\u00e1tico espacio del centro de Pachuca.<\/p>\n<p>\u201c100 a\u00f1os no se cumplen con tanta facilidad\u201d, manifest\u00f3 el mandatario estatal tras reconocer que, pese al ambiente propio de competencia, en este mercado se percibe armon\u00eda, tradici\u00f3n y una vocaci\u00f3n de servicio que lo han mantenido vigente a lo largo del tiempo.<\/p>\n<p>Por su parte, Ren\u00e9 Guzm\u00e1n Mart\u00ednez, dirigente del mercado Primero de Mayo, y Jorge Alberto Reyes Hern\u00e1ndez, presidente municipal de la capital hidalguense, resaltaron que este tipo de espacios fortalecen la identidad de las y los pachuque\u00f1os; por ello, coincidieron en que reconocer ese valor es clave para transmitir este legado a las nuevas generaciones.<\/p>\n","protected":false},"excerpt":{"rendered":"<p>PACHUCA, Hgo. -En el marco de las celebraciones por el 100 Aniversario del mercado Primero de Mayo, el gobernador de Hidalgo, Julio Menchaca Salazar, destac\u00f3 el valor hist\u00f3rico y social de este emblem\u00e1tico espacio del centro de Pachuca. \u201c100 a\u00f1os no se cumplen con tanta facilidad\u201d, manifest\u00f3 el mandatario estatal tras reconocer que, pese al<\/p>\n","protected":false},"author":2,"featured_media":80431,"comment_status":"closed","ping_status":"closed","sticky":false,"template":"","format":"standard","meta":{"footnotes":""},"categories":[10,54],"tags":[],"class_list":{"0":"post-80428","1":"post","2":"type-post","3":"status-publish","4":"format-standard","5":"has-post-thumbnail","7":"category-hidalgo","8":"category-lo-ultimo"},"_links":{"self":[{"href":"https:\/\/elreporterohgo.com\/noticias\/wp-json\/wp\/v2\/posts\/80428","targetHints":{"allow":["GET"]}}],"collection":[{"href":"https:\/\/elreporterohgo.com\/noticias\/wp-json\/wp\/v2\/posts"}],"about":[{"href":"https:\/\/elreporterohgo.com\/noticias\/wp-json\/wp\/v2\/types\/post"}],"author":[{"embeddable":true,"href":"https:\/\/elreporterohgo.com\/noticias\/wp-json\/wp\/v2\/users\/2"}],"replies":[{"embeddable":true,"href":"https:\/\/elreporterohgo.com\/noticias\/wp-json\/wp\/v2\/comments?post=80428"}],"version-history":[{"count":1,"href":"https:\/\/elreporterohgo.com\/noticias\/wp-json\/wp\/v2\/posts\/80428\/revisions"}],"predecessor-version":[{"id":80432,"href":"https:\/\/elreporterohgo.com\/noticias\/wp-json\/wp\/v2\/posts\/80428\/revisions\/80432"}],"wp:featuredmedia":[{"embeddable":true,"href":"https:\/\/elreporterohgo.com\/noticias\/wp-json\/wp\/v2\/media\/80431"}],"wp:attachment":[{"href":"https:\/\/elreporterohgo.com\/noticias\/wp-json\/wp\/v2\/media?parent=80428"}],"wp:term":[{"taxonomy":"category","embeddable":true,"href":"https:\/\/elreporterohgo.com\/noticias\/wp-json\/wp\/v2\/categories?post=80428"},{"taxonomy":"post_tag","embeddable":true,"href":"https:\/\/elreporterohgo.com\/noticias\/wp-json\/wp\/v2\/tags?post=80428"}],"curies":[{"name":"wp","href":"https:\/\/api.w.org\/{rel}","templated":true}]}}