{"id":80415,"date":"2026-05-01T13:23:03","date_gmt":"2026-05-01T19:23:03","guid":{"rendered":"https:\/\/elreporterohgo.com\/noticias\/?p=80415"},"modified":"2026-05-01T13:23:03","modified_gmt":"2026-05-01T19:23:03","slug":"atencion-cercana-y-oportuna-permite-traslado-seguro-de-menor-en-estado-delicado","status":"publish","type":"post","link":"https:\/\/elreporterohgo.com\/noticias\/2026\/05\/01\/atencion-cercana-y-oportuna-permite-traslado-seguro-de-menor-en-estado-delicado\/","title":{"rendered":"Atenci\u00f3n cercana y oportuna permite traslado seguro de menor en estado delicado"},"content":{"rendered":"<p>Como parte de una pol\u00edtica de atenci\u00f3n sensible y cercana a las necesidades m\u00e1s apremiantes de la poblaci\u00f3n, el gobierno de Hidalgo a cargo de Julio Menchaca Salazar brind\u00f3 apoyo inmediato a la solicitud realizada por Karla Berenice Alegr\u00eda Hern\u00e1ndez, quien requer\u00eda el traslado de su hija de dos meses de edad, en estado delicado de salud.<\/p>\n<p>La menor se encontraba internada en el Hospital Regional de Alta Especialidad del Baj\u00edo, en Le\u00f3n, Guanajuato, sin que la familia contara con los medios necesarios para trasladarla al Hospital General de Tulancingo, donde continuar\u00eda su atenci\u00f3n m\u00e9dica.<\/p>\n<p>Cabe destacar que el pasado 25 de marzo, la paciente hab\u00eda sido llevada v\u00eda a\u00e9rea a dicho hospital en una unidad del gobierno estatal, como parte del acompa\u00f1amiento institucional brindado a la familia.<\/p>\n<p>Tras la revisi\u00f3n de la hoja de contrarreferencia y la valoraci\u00f3n del estado cl\u00ednico de la menor, se determin\u00f3 que sus condiciones eran aceptables para realizar el desplazamiento a\u00e9reo de regreso, mismo que se llev\u00f3 a cabo este 30 de abril a las 8:00 horas.<\/p>\n<p>La beneficiaria expres\u00f3 su agradecimiento al gobernador, Julio Menchaca Salazar, por las facilidades otorgadas para hacer posible este traslado, que representa una acci\u00f3n concreta de apoyo en un momento cr\u00edtico.<\/p>\n<p>Con este tipo de acciones, el Gobierno de Hidalgo reafirma su compromiso de mantenerse cercano a la ciudadan\u00eda, atendiendo con sensibilidad y prontitud aquellas situaciones que requieren intervenci\u00f3n inmediata, especialmente cuando se trata de la salud y bienestar de las familias hidalguenses. <\/p>\n","protected":false},"excerpt":{"rendered":"<p>Como parte de una pol\u00edtica de atenci\u00f3n sensible y cercana a las necesidades m\u00e1s apremiantes de la poblaci\u00f3n, el gobierno de Hidalgo a cargo de Julio Menchaca Salazar brind\u00f3 apoyo inmediato a la solicitud realizada por Karla Berenice Alegr\u00eda Hern\u00e1ndez, quien requer\u00eda el traslado de su hija de dos meses de edad, en estado delicado<\/p>\n","protected":false},"author":2,"featured_media":80416,"comment_status":"closed","ping_status":"closed","sticky":false,"template":"","format":"standard","meta":{"footnotes":""},"categories":[10,54],"tags":[],"class_list":{"0":"post-80415","1":"post","2":"type-post","3":"status-publish","4":"format-standard","5":"has-post-thumbnail","7":"category-hidalgo","8":"category-lo-ultimo"},"_links":{"self":[{"href":"https:\/\/elreporterohgo.com\/noticias\/wp-json\/wp\/v2\/posts\/80415","targetHints":{"allow":["GET"]}}],"collection":[{"href":"https:\/\/elreporterohgo.com\/noticias\/wp-json\/wp\/v2\/posts"}],"about":[{"href":"https:\/\/elreporterohgo.com\/noticias\/wp-json\/wp\/v2\/types\/post"}],"author":[{"embeddable":true,"href":"https:\/\/elreporterohgo.com\/noticias\/wp-json\/wp\/v2\/users\/2"}],"replies":[{"embeddable":true,"href":"https:\/\/elreporterohgo.com\/noticias\/wp-json\/wp\/v2\/comments?post=80415"}],"version-history":[{"count":1,"href":"https:\/\/elreporterohgo.com\/noticias\/wp-json\/wp\/v2\/posts\/80415\/revisions"}],"predecessor-version":[{"id":80417,"href":"https:\/\/elreporterohgo.com\/noticias\/wp-json\/wp\/v2\/posts\/80415\/revisions\/80417"}],"wp:featuredmedia":[{"embeddable":true,"href":"https:\/\/elreporterohgo.com\/noticias\/wp-json\/wp\/v2\/media\/80416"}],"wp:attachment":[{"href":"https:\/\/elreporterohgo.com\/noticias\/wp-json\/wp\/v2\/media?parent=80415"}],"wp:term":[{"taxonomy":"category","embeddable":true,"href":"https:\/\/elreporterohgo.com\/noticias\/wp-json\/wp\/v2\/categories?post=80415"},{"taxonomy":"post_tag","embeddable":true,"href":"https:\/\/elreporterohgo.com\/noticias\/wp-json\/wp\/v2\/tags?post=80415"}],"curies":[{"name":"wp","href":"https:\/\/api.w.org\/{rel}","templated":true}]}}