{"id":80390,"date":"2026-04-30T23:09:40","date_gmt":"2026-05-01T05:09:40","guid":{"rendered":"https:\/\/elreporterohgo.com\/noticias\/?p=80390"},"modified":"2026-04-30T23:09:40","modified_gmt":"2026-05-01T05:09:40","slug":"profesores-hacen-buen-negocio-y-fomentan-la-vulgaridad","status":"publish","type":"post","link":"https:\/\/elreporterohgo.com\/noticias\/2026\/04\/30\/profesores-hacen-buen-negocio-y-fomentan-la-vulgaridad\/","title":{"rendered":"Profesores hacen buen negocio y fomentan la vulgaridad"},"content":{"rendered":"<p>Padres de familia rechazan festejo del D\u00eda del Estudiante<\/p>\n<p>Ciudad Sahag\u00fan. \u2014 Padres de familia de la escuela Secundaria T\u00e9cnica N\u00famero 47, ubicada en la colonia Benito Ju\u00e1rez, manifestaron su inconformidad ante la organizaci\u00f3n de un evento con motivo del D\u00eda del Estudiante, programado para el pr\u00f3ximo 26 de mayo al interior del plantel.<br \/>\nDe acuerdo con los inconformes, la direcci\u00f3n escolar convoc\u00f3 a dicha celebraci\u00f3n sin previa consulta a los tutores, estableciendo adem\u00e1s una cuota de 250 pesos por alumno. El evento contempla la participaci\u00f3n del grupo musical \u201cInsulini y los Espanta Suegras\u201d, cuya presentaci\u00f3n ha generado rechazo entre los padres debido al tipo de contenido vulgar y sexual que interpretan.<br \/>\nSe\u00f1alan que la agrupaci\u00f3n maneja un repertorio del g\u00e9nero reggaet\u00f3n con letras que consideran inapropiadas para menores de edad, al incluir contenidos de car\u00e1cter sexual y lenguaje expl\u00edcito. Asimismo, expresaron preocupaci\u00f3n por la posible promoci\u00f3n de mensajes relacionados con la violencia y conductas no acordes al entorno educativo.<br \/>\nAnte esta situaci\u00f3n, los padres de familia indicaron que ya se est\u00e1n organizando para presentar su inconformidad ante la Secretar\u00eda de Educaci\u00f3n P\u00fablica de Hidalgo, as\u00ed como para solicitar la intervenci\u00f3n de autoridades estatales, incluyendo al gobierno de Hidalgo, con el objetivo de evitar la realizaci\u00f3n de eventos que, consideran, no son aptos para la comunidad estudiantil.<\/p>\n","protected":false},"excerpt":{"rendered":"<p>Padres de familia rechazan festejo del D\u00eda del Estudiante Ciudad Sahag\u00fan. \u2014 Padres de familia de la escuela Secundaria T\u00e9cnica N\u00famero 47, ubicada en la colonia Benito Ju\u00e1rez, manifestaron su inconformidad ante la organizaci\u00f3n de un evento con motivo del D\u00eda del Estudiante, programado para el pr\u00f3ximo 26 de mayo al interior del plantel. De<\/p>\n","protected":false},"author":2,"featured_media":80391,"comment_status":"closed","ping_status":"closed","sticky":false,"template":"","format":"standard","meta":{"footnotes":""},"categories":[10,54],"tags":[],"class_list":{"0":"post-80390","1":"post","2":"type-post","3":"status-publish","4":"format-standard","5":"has-post-thumbnail","7":"category-hidalgo","8":"category-lo-ultimo"},"_links":{"self":[{"href":"https:\/\/elreporterohgo.com\/noticias\/wp-json\/wp\/v2\/posts\/80390","targetHints":{"allow":["GET"]}}],"collection":[{"href":"https:\/\/elreporterohgo.com\/noticias\/wp-json\/wp\/v2\/posts"}],"about":[{"href":"https:\/\/elreporterohgo.com\/noticias\/wp-json\/wp\/v2\/types\/post"}],"author":[{"embeddable":true,"href":"https:\/\/elreporterohgo.com\/noticias\/wp-json\/wp\/v2\/users\/2"}],"replies":[{"embeddable":true,"href":"https:\/\/elreporterohgo.com\/noticias\/wp-json\/wp\/v2\/comments?post=80390"}],"version-history":[{"count":1,"href":"https:\/\/elreporterohgo.com\/noticias\/wp-json\/wp\/v2\/posts\/80390\/revisions"}],"predecessor-version":[{"id":80392,"href":"https:\/\/elreporterohgo.com\/noticias\/wp-json\/wp\/v2\/posts\/80390\/revisions\/80392"}],"wp:featuredmedia":[{"embeddable":true,"href":"https:\/\/elreporterohgo.com\/noticias\/wp-json\/wp\/v2\/media\/80391"}],"wp:attachment":[{"href":"https:\/\/elreporterohgo.com\/noticias\/wp-json\/wp\/v2\/media?parent=80390"}],"wp:term":[{"taxonomy":"category","embeddable":true,"href":"https:\/\/elreporterohgo.com\/noticias\/wp-json\/wp\/v2\/categories?post=80390"},{"taxonomy":"post_tag","embeddable":true,"href":"https:\/\/elreporterohgo.com\/noticias\/wp-json\/wp\/v2\/tags?post=80390"}],"curies":[{"name":"wp","href":"https:\/\/api.w.org\/{rel}","templated":true}]}}