{"id":80377,"date":"2026-04-30T07:25:53","date_gmt":"2026-04-30T13:25:53","guid":{"rendered":"https:\/\/elreporterohgo.com\/noticias\/?p=80377"},"modified":"2026-04-30T07:25:53","modified_gmt":"2026-04-30T13:25:53","slug":"acciones-preventivas-para-garantizar-entornos-escolares-seguros","status":"publish","type":"post","link":"https:\/\/elreporterohgo.com\/noticias\/2026\/04\/30\/acciones-preventivas-para-garantizar-entornos-escolares-seguros\/","title":{"rendered":"Acciones preventivas para garantizar entornos escolares seguros"},"content":{"rendered":"<p>APAN, Hgo. &#8211; El \u00e1rea de Prevenci\u00f3n Social, adscrita a la Direcci\u00f3n de Seguridad P\u00fablica del municipio de Apan, sostuvo una reuni\u00f3n de trabajo con directivos de la Escuela Secundaria General No. 1 \u201cMiguel Hidalgo\u201d, as\u00ed como con el Supervisor de la Zona 11 de Secundarias, con el objetivo de establecer estrategias conjuntas para atender de manera responsable los hechos registrados recientemente, relacionados con amenazas de un presunto tiroteo en el plantel.<br \/>\nComo parte de estas acciones, se impartieron pl\u00e1ticas informativas a distintos grupos de la instituci\u00f3n, en las que se reforz\u00f3 la importancia de la convivencia sana, el uso responsable de la informaci\u00f3n y las consecuencias que pueden derivarse de este tipo de conductas, incluso cuando se realizan como bromas.<br \/>\nAsimismo, se inform\u00f3 al alumnado que, en caso de requerir apoyo emocional o psicol\u00f3gico, pueden acercarse con confianza para ser canalizados a las instancias correspondientes, garantizando as\u00ed una atenci\u00f3n oportuna y adecuada.<br \/>\nEl Gobierno Municipal de Apan reitera su compromiso con la seguridad y bienestar de la comunidad estudiantil, trabajando de manera coordinada para fortalecer entornos escolares seguros, informados y libres de violencia.<\/p>\n","protected":false},"excerpt":{"rendered":"<p>APAN, Hgo. &#8211; El \u00e1rea de Prevenci\u00f3n Social, adscrita a la Direcci\u00f3n de Seguridad P\u00fablica del municipio de Apan, sostuvo una reuni\u00f3n de trabajo con directivos de la Escuela Secundaria General No. 1 \u201cMiguel Hidalgo\u201d, as\u00ed como con el Supervisor de la Zona 11 de Secundarias, con el objetivo de establecer estrategias conjuntas para atender<\/p>\n","protected":false},"author":2,"featured_media":80379,"comment_status":"closed","ping_status":"closed","sticky":false,"template":"","format":"standard","meta":{"footnotes":""},"categories":[10,65,1],"tags":[],"class_list":{"0":"post-80377","1":"post","2":"type-post","3":"status-publish","4":"format-standard","5":"has-post-thumbnail","7":"category-hidalgo","8":"category-municipios","9":"category-uncategorized"},"_links":{"self":[{"href":"https:\/\/elreporterohgo.com\/noticias\/wp-json\/wp\/v2\/posts\/80377","targetHints":{"allow":["GET"]}}],"collection":[{"href":"https:\/\/elreporterohgo.com\/noticias\/wp-json\/wp\/v2\/posts"}],"about":[{"href":"https:\/\/elreporterohgo.com\/noticias\/wp-json\/wp\/v2\/types\/post"}],"author":[{"embeddable":true,"href":"https:\/\/elreporterohgo.com\/noticias\/wp-json\/wp\/v2\/users\/2"}],"replies":[{"embeddable":true,"href":"https:\/\/elreporterohgo.com\/noticias\/wp-json\/wp\/v2\/comments?post=80377"}],"version-history":[{"count":2,"href":"https:\/\/elreporterohgo.com\/noticias\/wp-json\/wp\/v2\/posts\/80377\/revisions"}],"predecessor-version":[{"id":80380,"href":"https:\/\/elreporterohgo.com\/noticias\/wp-json\/wp\/v2\/posts\/80377\/revisions\/80380"}],"wp:featuredmedia":[{"embeddable":true,"href":"https:\/\/elreporterohgo.com\/noticias\/wp-json\/wp\/v2\/media\/80379"}],"wp:attachment":[{"href":"https:\/\/elreporterohgo.com\/noticias\/wp-json\/wp\/v2\/media?parent=80377"}],"wp:term":[{"taxonomy":"category","embeddable":true,"href":"https:\/\/elreporterohgo.com\/noticias\/wp-json\/wp\/v2\/categories?post=80377"},{"taxonomy":"post_tag","embeddable":true,"href":"https:\/\/elreporterohgo.com\/noticias\/wp-json\/wp\/v2\/tags?post=80377"}],"curies":[{"name":"wp","href":"https:\/\/api.w.org\/{rel}","templated":true}]}}