{"id":80370,"date":"2026-04-30T06:22:11","date_gmt":"2026-04-30T12:22:11","guid":{"rendered":"https:\/\/elreporterohgo.com\/noticias\/?p=80370"},"modified":"2026-04-30T06:22:11","modified_gmt":"2026-04-30T12:22:11","slug":"ultimo-dia-para-registro-al-pabellon-artesanal-de-la-feria-de-san-francisco-2026","status":"publish","type":"post","link":"https:\/\/elreporterohgo.com\/noticias\/2026\/04\/30\/ultimo-dia-para-registro-al-pabellon-artesanal-de-la-feria-de-san-francisco-2026\/","title":{"rendered":"\u00daltimo d\u00eda para registro al Pabell\u00f3n Artesanal de la Feria de San Francisco 2026"},"content":{"rendered":"<p>Artesanas y artesanos hidalguenses a\u00fan pueden obtener un espacio gratuito para exhibir y vender sus productos<\/p>\n<p>PACHUCA, Hgo. &#8211; Este jueves 30 de abril la Secretar\u00eda de Bienestar e Inclusi\u00f3n Social (Sebiso) cerrar\u00e1 el registro para participar en el Pabell\u00f3n Artesanal y Gastron\u00f3mico de la Feria San Francisco 2026.<\/p>\n<p>Esta convocatoria representa una oportunidad para que las y los artesanos hidalguenses exhiban su talento, fortalezcan su econom\u00eda, den mayor visibilidad a sus productos y compartan la riqueza cultural del estado.<\/p>\n<p>Las personas interesadas pueden registrarse en un horario de 10:00 a 15:00 horas, en las instalaciones de la Feria, ubicadas en la carretera M\u00e9xico\u2013Pachuca, km 84.5, colonia Juan C. Doria, en Pachuca. Para realizarlo, se requiere presentar su documentaci\u00f3n b\u00e1sica y llevar una muestra de su producto.<\/p>\n<p>Las artesan\u00edas participantes deber\u00e1n pertenecer a las siguientes categor\u00edas: alfarer\u00eda y cer\u00e1mica; bordados y textiles; madera, cerer\u00eda, metalister\u00eda, orfebrer\u00eda, plater\u00eda y joyer\u00eda; fibras vegetales, cartoner\u00eda y papel; talabarter\u00eda y peleter\u00eda; lapidaria y canter\u00eda; concha y caracol; vidrio y gastronom\u00eda artesanal.<\/p>\n<p>Los espacios ser\u00e1n asignados de manera gratuita para la exhibici\u00f3n y venta de productos artesanales y gastron\u00f3micos elaborados en la entidad.<\/p>\n<p>Los requisitos completos y los formatos necesarios (FUPS, ficha t\u00e9cnica, carta y consentimiento) est\u00e1n disponibles en la siguiente p\u00e1gina: https:\/\/sebiso.hidalgo.gob.mx\/Convocatorias\/AEFS<\/p>\n<p>Para m\u00e1s informaci\u00f3n, las y los interesados pueden comunicarse a los tel\u00e9fonos 771 713 0412 y 771 713 0966.<\/p>\n","protected":false},"excerpt":{"rendered":"<p>Artesanas y artesanos hidalguenses a\u00fan pueden obtener un espacio gratuito para exhibir y vender sus productos PACHUCA, Hgo. &#8211; Este jueves 30 de abril la Secretar\u00eda de Bienestar e Inclusi\u00f3n Social (Sebiso) cerrar\u00e1 el registro para participar en el Pabell\u00f3n Artesanal y Gastron\u00f3mico de la Feria San Francisco 2026. Esta convocatoria representa una oportunidad para<\/p>\n","protected":false},"author":2,"featured_media":80371,"comment_status":"closed","ping_status":"closed","sticky":false,"template":"","format":"standard","meta":{"footnotes":""},"categories":[10,54],"tags":[],"class_list":{"0":"post-80370","1":"post","2":"type-post","3":"status-publish","4":"format-standard","5":"has-post-thumbnail","7":"category-hidalgo","8":"category-lo-ultimo"},"_links":{"self":[{"href":"https:\/\/elreporterohgo.com\/noticias\/wp-json\/wp\/v2\/posts\/80370","targetHints":{"allow":["GET"]}}],"collection":[{"href":"https:\/\/elreporterohgo.com\/noticias\/wp-json\/wp\/v2\/posts"}],"about":[{"href":"https:\/\/elreporterohgo.com\/noticias\/wp-json\/wp\/v2\/types\/post"}],"author":[{"embeddable":true,"href":"https:\/\/elreporterohgo.com\/noticias\/wp-json\/wp\/v2\/users\/2"}],"replies":[{"embeddable":true,"href":"https:\/\/elreporterohgo.com\/noticias\/wp-json\/wp\/v2\/comments?post=80370"}],"version-history":[{"count":1,"href":"https:\/\/elreporterohgo.com\/noticias\/wp-json\/wp\/v2\/posts\/80370\/revisions"}],"predecessor-version":[{"id":80372,"href":"https:\/\/elreporterohgo.com\/noticias\/wp-json\/wp\/v2\/posts\/80370\/revisions\/80372"}],"wp:featuredmedia":[{"embeddable":true,"href":"https:\/\/elreporterohgo.com\/noticias\/wp-json\/wp\/v2\/media\/80371"}],"wp:attachment":[{"href":"https:\/\/elreporterohgo.com\/noticias\/wp-json\/wp\/v2\/media?parent=80370"}],"wp:term":[{"taxonomy":"category","embeddable":true,"href":"https:\/\/elreporterohgo.com\/noticias\/wp-json\/wp\/v2\/categories?post=80370"},{"taxonomy":"post_tag","embeddable":true,"href":"https:\/\/elreporterohgo.com\/noticias\/wp-json\/wp\/v2\/tags?post=80370"}],"curies":[{"name":"wp","href":"https:\/\/api.w.org\/{rel}","templated":true}]}}