{"id":80364,"date":"2026-04-30T06:11:35","date_gmt":"2026-04-30T12:11:35","guid":{"rendered":"https:\/\/elreporterohgo.com\/noticias\/?p=80364"},"modified":"2026-04-30T06:11:35","modified_gmt":"2026-04-30T12:11:35","slug":"estados-coordinan-acciones-para-fortalecer-la-seguridad-y-operacion-del-arco-norte","status":"publish","type":"post","link":"https:\/\/elreporterohgo.com\/noticias\/2026\/04\/30\/estados-coordinan-acciones-para-fortalecer-la-seguridad-y-operacion-del-arco-norte\/","title":{"rendered":"Estados coordinan acciones para fortalecer la seguridad y operaci\u00f3n del Arco Norte"},"content":{"rendered":"<p>Se presentaron avances en conservaci\u00f3n de tramos carreteros, instalaci\u00f3n de torres de internet y colocaci\u00f3n de c\u00e1maras para inhibir delitos<br \/>\nTOLCAYUCA, Hgo. &#8211; En las oficinas centrales del Arco Norte, se llev\u00f3 a cabo la mesa de trabajo interestatal con la concesionaria de esta v\u00eda a fin de fortalecer la coordinaci\u00f3n institucional y revisar temas relacionados con su operaci\u00f3n, mantenimiento y condiciones de seguridad.<br \/>\nEl encuentro, encabezado por el secretario de Gobierno, Guillermo Olivares Reyna, permiti\u00f3 definir mecanismos de colaboraci\u00f3n que mejoren la movilidad, la seguridad vial y la atenci\u00f3n a las y los usuarios que transitan por esta infraestructura estrat\u00e9gica, como ha sido inter\u00e9s del gobernador Julio Menchaca Salazar, donde se privilegie un tr\u00e1nsito seguro para quienes circulan por ah\u00ed.<br \/>\nDe igual forma, destac\u00f3 la importancia de renovar esfuerzos para alcanzar el cien por ciento de los resultados planteados, subrayando que su cumplimiento depende del compromiso y la coordinaci\u00f3n de todas las instancias involucradas.<br \/>\nComo parte de los trabajos, se present\u00f3 el informe de la quinta reuni\u00f3n de seguimiento orientada a reducir los incidentes delictivos en la carretera federal Arco Norte. Se expusieron avances en la conservaci\u00f3n de tramos carreteros, la instalaci\u00f3n de torres para el servicio de internet y la colocaci\u00f3n de c\u00e1maras especializadas, adem\u00e1s de establecer plazos definitivos para su implementaci\u00f3n.<br \/>\nAsimismo, se acordaron acciones espec\u00edficas para fortalecer la seguridad y mejorar la operaci\u00f3n de la v\u00eda. Entre ellas destacan la instalaci\u00f3n de torres de conectividad en puntos estrat\u00e9gicos, las cuales deber\u00e1n estar operativas a m\u00e1s tardar el 10 de junio. Tambi\u00e9n se inform\u00f3 sobre la colocaci\u00f3n de 10 c\u00e1maras lectoras de placas con tecnolog\u00eda infrarroja; siete de ellas estar\u00e1n ubicadas en el tramo de Hidalgo conforme a los puntos propuestos por la Secretar\u00eda de Seguridad P\u00fablica.<br \/>\nSe dio a conocer que el sistema de c\u00e1maras fue actualizado para transmitir no solo el n\u00famero de placa, sino tambi\u00e9n la imagen del veh\u00edculo hacia los C5 de los estados. Adem\u00e1s, se habilitar\u00e1n tres bases permanentes de la Guardia Nacional, que contar\u00e1n con presencia continua.<br \/>\nEn materia tecnol\u00f3gica, se pondr\u00e1n en operaci\u00f3n tres veh\u00edculos equipados con c\u00e1maras y lectores RFID para patrullaje y detecci\u00f3n en tiempo real de unidades con reporte de robo, compartiendo informaci\u00f3n con las autoridades de seguridad. En cuanto al mantenimiento, se acord\u00f3 concluir los trabajos de rehabilitaci\u00f3n de pavimento flexible y atenci\u00f3n de losas a m\u00e1s tardar el 30 de mayo, previo al inicio del Mundial, en coordinaci\u00f3n con la SICT.<br \/>\nEn esta mesa de trabajo participaron Salvador Cruz Neri, secretario de Seguridad P\u00fablica del Estado de Hidalgo; Santiago C\u00f3rdoba Garc\u00eda, director de Operaciones del concesionario IDEAL; Pablo Octavio Olvera S\u00e1nchez, director del Centro SICT Hidalgo; Sa\u00fal Luna James, coordinador territorial Porci\u00f3n Centro de la Guardia Nacional; Ana Cristina Maturano Ramos, fiscal federal en el Estado de Hidalgo; y Hugo Humberto Pedroza Salazar, comandante de la 18\/a Zona Militar en Hidalgo.<\/p>\n","protected":false},"excerpt":{"rendered":"<p>Se presentaron avances en conservaci\u00f3n de tramos carreteros, instalaci\u00f3n de torres de internet y colocaci\u00f3n de c\u00e1maras para inhibir delitos TOLCAYUCA, Hgo. &#8211; En las oficinas centrales del Arco Norte, se llev\u00f3 a cabo la mesa de trabajo interestatal con la concesionaria de esta v\u00eda a fin de fortalecer la coordinaci\u00f3n institucional y revisar temas<\/p>\n","protected":false},"author":2,"featured_media":80365,"comment_status":"closed","ping_status":"closed","sticky":false,"template":"","format":"standard","meta":{"footnotes":""},"categories":[10,54],"tags":[],"class_list":{"0":"post-80364","1":"post","2":"type-post","3":"status-publish","4":"format-standard","5":"has-post-thumbnail","7":"category-hidalgo","8":"category-lo-ultimo"},"_links":{"self":[{"href":"https:\/\/elreporterohgo.com\/noticias\/wp-json\/wp\/v2\/posts\/80364","targetHints":{"allow":["GET"]}}],"collection":[{"href":"https:\/\/elreporterohgo.com\/noticias\/wp-json\/wp\/v2\/posts"}],"about":[{"href":"https:\/\/elreporterohgo.com\/noticias\/wp-json\/wp\/v2\/types\/post"}],"author":[{"embeddable":true,"href":"https:\/\/elreporterohgo.com\/noticias\/wp-json\/wp\/v2\/users\/2"}],"replies":[{"embeddable":true,"href":"https:\/\/elreporterohgo.com\/noticias\/wp-json\/wp\/v2\/comments?post=80364"}],"version-history":[{"count":1,"href":"https:\/\/elreporterohgo.com\/noticias\/wp-json\/wp\/v2\/posts\/80364\/revisions"}],"predecessor-version":[{"id":80366,"href":"https:\/\/elreporterohgo.com\/noticias\/wp-json\/wp\/v2\/posts\/80364\/revisions\/80366"}],"wp:featuredmedia":[{"embeddable":true,"href":"https:\/\/elreporterohgo.com\/noticias\/wp-json\/wp\/v2\/media\/80365"}],"wp:attachment":[{"href":"https:\/\/elreporterohgo.com\/noticias\/wp-json\/wp\/v2\/media?parent=80364"}],"wp:term":[{"taxonomy":"category","embeddable":true,"href":"https:\/\/elreporterohgo.com\/noticias\/wp-json\/wp\/v2\/categories?post=80364"},{"taxonomy":"post_tag","embeddable":true,"href":"https:\/\/elreporterohgo.com\/noticias\/wp-json\/wp\/v2\/tags?post=80364"}],"curies":[{"name":"wp","href":"https:\/\/api.w.org\/{rel}","templated":true}]}}