{"id":80356,"date":"2026-04-29T21:23:45","date_gmt":"2026-04-30T03:23:45","guid":{"rendered":"https:\/\/elreporterohgo.com\/noticias\/?p=80356"},"modified":"2026-04-29T21:24:54","modified_gmt":"2026-04-30T03:24:54","slug":"invitan-al-gran-festival-para-celebra-a-los-ninos","status":"publish","type":"post","link":"https:\/\/elreporterohgo.com\/noticias\/2026\/04\/29\/invitan-al-gran-festival-para-celebra-a-los-ninos\/","title":{"rendered":"Invitan al gran festival de la ni\u00f1ez al ritmo de Lara Campos"},"content":{"rendered":"<p>Gobierno Municipal organizo eventos en dos sedes<\/p>\n<p>TEPEAPULCO, Hgo. &#8211; El Gobierno Municipal de Tepeapulco, a trav\u00e9s del Sistema DIF Municipal, invita a las familias a participar en las celebraciones con motivo del D\u00eda de la Ni\u00f1ez, que se llevar\u00e1n a cabo el pr\u00f3ximo jueves 30 de abril en dos sedes del municipio.<br \/>\nComo parte de esta celebraci\u00f3n, se realizar\u00e1 un primer evento en el Centro de Desarrollo de Ciudad Sahag\u00fan, a partir de las 12:00 horas, donde ni\u00f1as y ni\u00f1os podr\u00e1n disfrutar de inflables, snacks, pinta caritas y diversas actividades recreativas en un ambiente familiar.<br \/>\nPosteriormente, la jornada continuar\u00e1 en el Auditorio Municipal de Tepeapulco, a las 16:00 horas, con un evento especial que contar\u00e1 con inflables, actividades para ni\u00f1as y ni\u00f1os, mesa de dulces y un programa art\u00edstico.<br \/>\nEn este segundo evento se presentar\u00e1 la imitadora oficial Lara Campos, as\u00ed como el espect\u00e1culo de las Guerreras K-Pop, ofreciendo entretenimiento pensado especialmente para la ni\u00f1ez del municipio.<br \/>\nEl presidente municipal, F\u00e9lix \u00c1vila Castel\u00e1n, destac\u00f3 la importancia de generar espacios de convivencia que promuevan la alegr\u00eda, el desarrollo integral y el bienestar de las ni\u00f1as y ni\u00f1os de Tepeapulco.<br \/>\nEl Gobierno Municipal hace una cordial invitaci\u00f3n a la ciudadan\u00eda para asistir en familia y ser parte de estas actividades, preparadas especialmente para celebrar a la ni\u00f1ez tepeapulquense.<\/p>\n","protected":false},"excerpt":{"rendered":"<p>Gobierno Municipal organizo eventos en dos sedes TEPEAPULCO, Hgo. &#8211; El Gobierno Municipal de Tepeapulco, a trav\u00e9s del Sistema DIF Municipal, invita a las familias a participar en las celebraciones con motivo del D\u00eda de la Ni\u00f1ez, que se llevar\u00e1n a cabo el pr\u00f3ximo jueves 30 de abril en dos sedes del municipio. Como parte<\/p>\n","protected":false},"author":2,"featured_media":80357,"comment_status":"closed","ping_status":"closed","sticky":false,"template":"","format":"standard","meta":{"footnotes":""},"categories":[10,54],"tags":[],"class_list":{"0":"post-80356","1":"post","2":"type-post","3":"status-publish","4":"format-standard","5":"has-post-thumbnail","7":"category-hidalgo","8":"category-lo-ultimo"},"_links":{"self":[{"href":"https:\/\/elreporterohgo.com\/noticias\/wp-json\/wp\/v2\/posts\/80356","targetHints":{"allow":["GET"]}}],"collection":[{"href":"https:\/\/elreporterohgo.com\/noticias\/wp-json\/wp\/v2\/posts"}],"about":[{"href":"https:\/\/elreporterohgo.com\/noticias\/wp-json\/wp\/v2\/types\/post"}],"author":[{"embeddable":true,"href":"https:\/\/elreporterohgo.com\/noticias\/wp-json\/wp\/v2\/users\/2"}],"replies":[{"embeddable":true,"href":"https:\/\/elreporterohgo.com\/noticias\/wp-json\/wp\/v2\/comments?post=80356"}],"version-history":[{"count":3,"href":"https:\/\/elreporterohgo.com\/noticias\/wp-json\/wp\/v2\/posts\/80356\/revisions"}],"predecessor-version":[{"id":80360,"href":"https:\/\/elreporterohgo.com\/noticias\/wp-json\/wp\/v2\/posts\/80356\/revisions\/80360"}],"wp:featuredmedia":[{"embeddable":true,"href":"https:\/\/elreporterohgo.com\/noticias\/wp-json\/wp\/v2\/media\/80357"}],"wp:attachment":[{"href":"https:\/\/elreporterohgo.com\/noticias\/wp-json\/wp\/v2\/media?parent=80356"}],"wp:term":[{"taxonomy":"category","embeddable":true,"href":"https:\/\/elreporterohgo.com\/noticias\/wp-json\/wp\/v2\/categories?post=80356"},{"taxonomy":"post_tag","embeddable":true,"href":"https:\/\/elreporterohgo.com\/noticias\/wp-json\/wp\/v2\/tags?post=80356"}],"curies":[{"name":"wp","href":"https:\/\/api.w.org\/{rel}","templated":true}]}}