{"id":80349,"date":"2026-04-29T12:18:36","date_gmt":"2026-04-29T18:18:36","guid":{"rendered":"https:\/\/elreporterohgo.com\/noticias\/?p=80349"},"modified":"2026-04-29T12:18:36","modified_gmt":"2026-04-29T18:18:36","slug":"zorayda-robles-encabeza-emotiva-convivencia-con-ninas-y-ninos-en-san-juan-ixtilmaco","status":"publish","type":"post","link":"https:\/\/elreporterohgo.com\/noticias\/2026\/04\/29\/zorayda-robles-encabeza-emotiva-convivencia-con-ninas-y-ninos-en-san-juan-ixtilmaco\/","title":{"rendered":"Zorayda Robles encabeza emotiva convivencia con ni\u00f1as y ni\u00f1os en San Juan Ixtilmaco"},"content":{"rendered":"<p>APAN, Hgo. &#8211; En un ambiente de cercan\u00eda y alegr\u00eda, la Presidenta Municipal de Apan, la Dra. Mar\u00eda Zorayda Robles Barrera, encabez\u00f3 una emotiva convivencia con ni\u00f1as y ni\u00f1os de la comunidad de San Juan Ixtilmaco, donde se compartieron momentos significativos en compa\u00f1\u00eda de sus familias.<br \/>\nDurante esta jornada, se hizo entrega de peque\u00f1os presentes como muestra de afecto y compromiso con la ni\u00f1ez del municipio. Madres, padres de familia y habitantes de la comunidad se dieron cita para acompa\u00f1ar a los menores, fortaleciendo el sentido de unidad y convivencia.<br \/>\nLa Dra. Mar\u00eda Zorayda Robles Barrera destac\u00f3 que, m\u00e1s all\u00e1 de los obsequios, estas acciones buscan generar momentos de felicidad y cercan\u00eda con la poblaci\u00f3n, especialmente con las ni\u00f1as y ni\u00f1os, quienes representan una prioridad para la actual administraci\u00f3n.<br \/>\n\u201cSabemos que estos detalles pueden ser sencillos, pero se entregan con mucho cari\u00f1o, con la intenci\u00f3n de regalar una sonrisa y hacerles saber que estamos cerca de ustedes\u201d, expres\u00f3.<br \/>\nLa Presidencia Municipal de Apan reafirma su compromiso de continuar impulsando acciones que contribuyan al bienestar de la ni\u00f1ez, reconociendo en ellos el presente y el futuro del municipio, y trabajando para brindarles entornos llenos de esperanza, alegr\u00eda y oportunidades.<\/p>\n","protected":false},"excerpt":{"rendered":"<p>APAN, Hgo. &#8211; En un ambiente de cercan\u00eda y alegr\u00eda, la Presidenta Municipal de Apan, la Dra. Mar\u00eda Zorayda Robles Barrera, encabez\u00f3 una emotiva convivencia con ni\u00f1as y ni\u00f1os de la comunidad de San Juan Ixtilmaco, donde se compartieron momentos significativos en compa\u00f1\u00eda de sus familias. Durante esta jornada, se hizo entrega de peque\u00f1os presentes<\/p>\n","protected":false},"author":2,"featured_media":80350,"comment_status":"closed","ping_status":"closed","sticky":false,"template":"","format":"standard","meta":{"footnotes":""},"categories":[10,54],"tags":[],"class_list":{"0":"post-80349","1":"post","2":"type-post","3":"status-publish","4":"format-standard","5":"has-post-thumbnail","7":"category-hidalgo","8":"category-lo-ultimo"},"_links":{"self":[{"href":"https:\/\/elreporterohgo.com\/noticias\/wp-json\/wp\/v2\/posts\/80349","targetHints":{"allow":["GET"]}}],"collection":[{"href":"https:\/\/elreporterohgo.com\/noticias\/wp-json\/wp\/v2\/posts"}],"about":[{"href":"https:\/\/elreporterohgo.com\/noticias\/wp-json\/wp\/v2\/types\/post"}],"author":[{"embeddable":true,"href":"https:\/\/elreporterohgo.com\/noticias\/wp-json\/wp\/v2\/users\/2"}],"replies":[{"embeddable":true,"href":"https:\/\/elreporterohgo.com\/noticias\/wp-json\/wp\/v2\/comments?post=80349"}],"version-history":[{"count":1,"href":"https:\/\/elreporterohgo.com\/noticias\/wp-json\/wp\/v2\/posts\/80349\/revisions"}],"predecessor-version":[{"id":80351,"href":"https:\/\/elreporterohgo.com\/noticias\/wp-json\/wp\/v2\/posts\/80349\/revisions\/80351"}],"wp:featuredmedia":[{"embeddable":true,"href":"https:\/\/elreporterohgo.com\/noticias\/wp-json\/wp\/v2\/media\/80350"}],"wp:attachment":[{"href":"https:\/\/elreporterohgo.com\/noticias\/wp-json\/wp\/v2\/media?parent=80349"}],"wp:term":[{"taxonomy":"category","embeddable":true,"href":"https:\/\/elreporterohgo.com\/noticias\/wp-json\/wp\/v2\/categories?post=80349"},{"taxonomy":"post_tag","embeddable":true,"href":"https:\/\/elreporterohgo.com\/noticias\/wp-json\/wp\/v2\/tags?post=80349"}],"curies":[{"name":"wp","href":"https:\/\/api.w.org\/{rel}","templated":true}]}}