{"id":80274,"date":"2026-04-27T21:14:11","date_gmt":"2026-04-28T03:14:11","guid":{"rendered":"https:\/\/elreporterohgo.com\/noticias\/?p=80274"},"modified":"2026-04-27T21:14:11","modified_gmt":"2026-04-28T03:14:11","slug":"inicia-en-hidalgo-la-semana-nacional-de-vacunacion-2026","status":"publish","type":"post","link":"https:\/\/elreporterohgo.com\/noticias\/2026\/04\/27\/inicia-en-hidalgo-la-semana-nacional-de-vacunacion-2026\/","title":{"rendered":"Inicia en Hidalgo la Semana Nacional de Vacunaci\u00f3n 2026"},"content":{"rendered":"<p>PACHUCA, Hgo. &#8211; A fin de reforzar el escudo sanitario en Hidalgo, arranc\u00f3 la Semana Nacional de Vacunaci\u00f3n 2026 \u201cVacunar es Amar\u201d, una estrategia clave para proteger a la poblaci\u00f3n y prevenir enfermedades, en un contexto donde la inmunizaci\u00f3n se mantiene como una de las herramientas m\u00e1s efectivas de salud p\u00fablica.<\/p>\n<p>Durante el evento donde se inici\u00f3 esta campa\u00f1a, autoridades de distintos niveles y sectores coincidieron en la urgencia de fortalecer la cobertura de vacunaci\u00f3n, especialmente entre ni\u00f1as, ni\u00f1os, adolescentes, mujeres embarazadas y personas adultas mayores.<\/p>\n<p>La jornada se desarrollar\u00e1 del 25 de abril al 2 de mayo, y se prev\u00e9 la aplicaci\u00f3n de m\u00e1s de 44 mil 700 dosis en todo el territorio estatal, como parte de una estrategia integral para recuperar esquemas, aplicar refuerzos y reducir riesgos sanitarios.<\/p>\n<p>La secretaria de Salud en Hidalgo, Vanesa Escalante Arroyo, ha se\u00f1alado que esta campa\u00f1a representa un esfuerzo prioritario para garantizar el acceso equitativo a la salud, as\u00ed como para fortalecer la prevenci\u00f3n como eje central del bienestar social.<\/p>\n<p>Asimismo, especialistas destacan que la vacunaci\u00f3n no s\u00f3lo protege a quien la recibe, sino que contribuye a la inmunidad colectiva, evitando brotes de enfermedades prevenibles y fortaleciendo la seguridad sanitaria.<\/p>\n<p>En l\u00ednea con esta visi\u00f3n, la pol\u00edtica p\u00fablica del gobernador Julio Menchaca Salazar, impulsada por Vanesa Escalante, prioriza acercar servicios gratuitos y de calidad a cada comunidad, particularmente en zonas de dif\u00edcil acceso.<\/p>\n<p>Entre las acciones relevantes, destaca la aplicaci\u00f3n de la vacuna contra el virus sincitial respiratorio (VSR) en mujeres embarazadas, una medida que permitir\u00e1 proteger a los reci\u00e9n nacidos desde sus primeros d\u00edas de vida.<\/p>\n<p>Asimismo, se desplegar\u00e1n brigadas m\u00e9dicas en unidades de salud y puntos extramuros, con el objetivo de ampliar la cobertura y garantizar que ninguna persona quede fuera de esta estrategia.<br \/>\nBajo este enfoque, la secretaria ha reiterado el llamado a la poblaci\u00f3n a acudir a su unidad m\u00e9dica, revisar su Cartilla Nacional de Salud y completar sus esquemas de vacunaci\u00f3n, recordando que las vacunas son seguras, gratuitas y salvan vidas.<\/p>\n","protected":false},"excerpt":{"rendered":"<p>PACHUCA, Hgo. &#8211; A fin de reforzar el escudo sanitario en Hidalgo, arranc\u00f3 la Semana Nacional de Vacunaci\u00f3n 2026 \u201cVacunar es Amar\u201d, una estrategia clave para proteger a la poblaci\u00f3n y prevenir enfermedades, en un contexto donde la inmunizaci\u00f3n se mantiene como una de las herramientas m\u00e1s efectivas de salud p\u00fablica. Durante el evento donde<\/p>\n","protected":false},"author":2,"featured_media":80275,"comment_status":"closed","ping_status":"closed","sticky":false,"template":"","format":"standard","meta":{"footnotes":""},"categories":[10,54],"tags":[],"class_list":{"0":"post-80274","1":"post","2":"type-post","3":"status-publish","4":"format-standard","5":"has-post-thumbnail","7":"category-hidalgo","8":"category-lo-ultimo"},"_links":{"self":[{"href":"https:\/\/elreporterohgo.com\/noticias\/wp-json\/wp\/v2\/posts\/80274","targetHints":{"allow":["GET"]}}],"collection":[{"href":"https:\/\/elreporterohgo.com\/noticias\/wp-json\/wp\/v2\/posts"}],"about":[{"href":"https:\/\/elreporterohgo.com\/noticias\/wp-json\/wp\/v2\/types\/post"}],"author":[{"embeddable":true,"href":"https:\/\/elreporterohgo.com\/noticias\/wp-json\/wp\/v2\/users\/2"}],"replies":[{"embeddable":true,"href":"https:\/\/elreporterohgo.com\/noticias\/wp-json\/wp\/v2\/comments?post=80274"}],"version-history":[{"count":1,"href":"https:\/\/elreporterohgo.com\/noticias\/wp-json\/wp\/v2\/posts\/80274\/revisions"}],"predecessor-version":[{"id":80276,"href":"https:\/\/elreporterohgo.com\/noticias\/wp-json\/wp\/v2\/posts\/80274\/revisions\/80276"}],"wp:featuredmedia":[{"embeddable":true,"href":"https:\/\/elreporterohgo.com\/noticias\/wp-json\/wp\/v2\/media\/80275"}],"wp:attachment":[{"href":"https:\/\/elreporterohgo.com\/noticias\/wp-json\/wp\/v2\/media?parent=80274"}],"wp:term":[{"taxonomy":"category","embeddable":true,"href":"https:\/\/elreporterohgo.com\/noticias\/wp-json\/wp\/v2\/categories?post=80274"},{"taxonomy":"post_tag","embeddable":true,"href":"https:\/\/elreporterohgo.com\/noticias\/wp-json\/wp\/v2\/tags?post=80274"}],"curies":[{"name":"wp","href":"https:\/\/api.w.org\/{rel}","templated":true}]}}