{"id":80271,"date":"2026-04-27T21:02:03","date_gmt":"2026-04-28T03:02:03","guid":{"rendered":"https:\/\/elreporterohgo.com\/noticias\/?p=80271"},"modified":"2026-04-27T21:02:03","modified_gmt":"2026-04-28T03:02:03","slug":"campesino-murio-tras-feroz-emboscada","status":"publish","type":"post","link":"https:\/\/elreporterohgo.com\/noticias\/2026\/04\/27\/campesino-murio-tras-feroz-emboscada\/","title":{"rendered":"Campesino muri\u00f3 tras feroz \u201cemboscada\u201d"},"content":{"rendered":"<p>Sorprendido en terracer\u00eda La Laguna-Acopinalco<br \/>\nPor Juan Sabino Cruz<br \/>\nAPAN, Hgo. \u2013 Un campesino fue \u201cemboscado\u201d a balazos en la carretera de terracer\u00eda La Laguna \u2013 Acopinalco, herido de gravedad condujo su camioneta hasta el hospital General del altiplano, sin embargo, ah\u00ed dej\u00f3 de existir.<br \/>\nLos primeros informes establecen que, aproximadamente a las 18:30 horas de hoy, Juan \u201cN\u201d, conduc\u00eda su camioneta Chevrolet, tipo cheyene, color gris, matr\u00edcula XA0464D, en el referido tramo carretero.<br \/>\nPresuntamente, al pasar por un puente, ya lo esperaban sus sicarios quienes le dispararon a corta distancia y, por lo menos siete impactos hicieron blanco en la humanidad de quien es identificado por las iniciales J.G., de 42 a\u00f1os, vecino de la calle Cuauht\u00e9moc, en ala localidad de La Laguna.<br \/>\nEl hombre malherido condujo su camioneta con direcci\u00f3n al Hospital General del Altiplano, agonizante lleg\u00f3 al exterior del nosocomio, ah\u00ed perdi\u00f3 la vida antes de que pudieran prestarle auxilio.<br \/>\nAutoridades policiacas estatales y municipales implementaron un operativo de b\u00fasqueda con resultados infructuosos.<br \/>\nEl homicidio ya se investiga y se presume que el m\u00f3vil sea problema de tierras y ya surgen los nombres de al menos dos sospechosos.<\/p>\n","protected":false},"excerpt":{"rendered":"<p>Sorprendido en terracer\u00eda La Laguna-Acopinalco Por Juan Sabino Cruz APAN, Hgo. \u2013 Un campesino fue \u201cemboscado\u201d a balazos en la carretera de terracer\u00eda La Laguna \u2013 Acopinalco, herido de gravedad condujo su camioneta hasta el hospital General del altiplano, sin embargo, ah\u00ed dej\u00f3 de existir. Los primeros informes establecen que, aproximadamente a las 18:30 horas<\/p>\n","protected":false},"author":2,"featured_media":80272,"comment_status":"closed","ping_status":"closed","sticky":false,"template":"","format":"standard","meta":{"footnotes":""},"categories":[10,54],"tags":[],"class_list":{"0":"post-80271","1":"post","2":"type-post","3":"status-publish","4":"format-standard","5":"has-post-thumbnail","7":"category-hidalgo","8":"category-lo-ultimo"},"_links":{"self":[{"href":"https:\/\/elreporterohgo.com\/noticias\/wp-json\/wp\/v2\/posts\/80271","targetHints":{"allow":["GET"]}}],"collection":[{"href":"https:\/\/elreporterohgo.com\/noticias\/wp-json\/wp\/v2\/posts"}],"about":[{"href":"https:\/\/elreporterohgo.com\/noticias\/wp-json\/wp\/v2\/types\/post"}],"author":[{"embeddable":true,"href":"https:\/\/elreporterohgo.com\/noticias\/wp-json\/wp\/v2\/users\/2"}],"replies":[{"embeddable":true,"href":"https:\/\/elreporterohgo.com\/noticias\/wp-json\/wp\/v2\/comments?post=80271"}],"version-history":[{"count":1,"href":"https:\/\/elreporterohgo.com\/noticias\/wp-json\/wp\/v2\/posts\/80271\/revisions"}],"predecessor-version":[{"id":80273,"href":"https:\/\/elreporterohgo.com\/noticias\/wp-json\/wp\/v2\/posts\/80271\/revisions\/80273"}],"wp:featuredmedia":[{"embeddable":true,"href":"https:\/\/elreporterohgo.com\/noticias\/wp-json\/wp\/v2\/media\/80272"}],"wp:attachment":[{"href":"https:\/\/elreporterohgo.com\/noticias\/wp-json\/wp\/v2\/media?parent=80271"}],"wp:term":[{"taxonomy":"category","embeddable":true,"href":"https:\/\/elreporterohgo.com\/noticias\/wp-json\/wp\/v2\/categories?post=80271"},{"taxonomy":"post_tag","embeddable":true,"href":"https:\/\/elreporterohgo.com\/noticias\/wp-json\/wp\/v2\/tags?post=80271"}],"curies":[{"name":"wp","href":"https:\/\/api.w.org\/{rel}","templated":true}]}}