{"id":80252,"date":"2026-04-27T16:55:54","date_gmt":"2026-04-27T22:55:54","guid":{"rendered":"https:\/\/elreporterohgo.com\/noticias\/?p=80252"},"modified":"2026-04-27T16:55:54","modified_gmt":"2026-04-27T22:55:54","slug":"procuraduria-del-dif-hidalgo-participa-en-conferencia-nacional-realizada-en-morelos","status":"publish","type":"post","link":"https:\/\/elreporterohgo.com\/noticias\/2026\/04\/27\/procuraduria-del-dif-hidalgo-participa-en-conferencia-nacional-realizada-en-morelos\/","title":{"rendered":"Procuradur\u00eda del DIF Hidalgo participa en Conferencia Nacional realizada en Morelos"},"content":{"rendered":"<p>La Estrategia de Fortalecimiento de las Procuradur\u00edas 2026\u20132031 y Protocolos de protecci\u00f3n en el contexto del Mundial 2026, fueron algunos de los temas abordados<\/p>\n<p>PACHUCA, Hgo. &#8211; La Procuradur\u00eda de Protecci\u00f3n de Ni\u00f1as, Ni\u00f1os y Adolescentes de Hidalgo particip\u00f3 en la 16\u00aa Conferencia Nacional de Procuradur\u00edas de Protecci\u00f3n, organizada por el Sistema Nacional para el Desarrollo Integral de la Familia (SNDIF), efectuada en Morelos del 22 al 24 de abril, donde se reunieron representantes de las 32 entidades federativas. <\/p>\n<p>La conferencia se consolida como el principal espacio a nivel nacional para colocar al centro la protecci\u00f3n y el inter\u00e9s superior de la ni\u00f1ez, afirm\u00f3 la titular del SNDIF, Mar\u00eda del Roc\u00edo Garc\u00eda P\u00e9rez.<\/p>\n<p>El encuentro congreg\u00f3 a cerca de 2 mil participantes y se desarroll\u00f3 durante tres d\u00edas de trabajo, con el prop\u00f3sito de fortalecer la coordinaci\u00f3n interinstitucional y avanzar en la consolidaci\u00f3n de una pol\u00edtica de Estado en favor de ni\u00f1as, ni\u00f1os y adolescentes (NNA). <\/p>\n<p>En representaci\u00f3n de Edda Vite Ramos, presidenta del Patronato del Sistema DIF Hidalgo, la Procuradora Laura Karina Ram\u00edrez Jim\u00e9nez present\u00f3 una ponencia en la que subray\u00f3 la necesidad de fortalecer los mecanismos de atenci\u00f3n y protecci\u00f3n para NNA en situaci\u00f3n de emergencia, desde un enfoque integral que priorice el inter\u00e9s superior de la ni\u00f1ez y fomente la coordinaci\u00f3n interinstitucional. <\/p>\n<p>Asimismo, el equipo de la Procuradur\u00eda form\u00f3 parte de ponencias y mesas de retroalimentaci\u00f3n, donde aportaron propuestas y experiencias en el marco de las pol\u00edticas p\u00fablicas del Gobierno del Estado de Hidalgo, encabezado por Julio Menchaca Salazar, bajo el principio de que en el centro de todo programa est\u00e1 el pueblo. <\/p>\n<p>Durante la conferencia se abordaron temas prioritarios como estrategias para la Atenci\u00f3n y prevenci\u00f3n de la mendicidad y la explotaci\u00f3n infantil; Atenci\u00f3n a NNA en situaci\u00f3n de emergencia; Representaci\u00f3n jur\u00eddica en materia de amparo; Implementaci\u00f3n de la Estrategia de Fortalecimiento de las Procuradur\u00edas 2026\u20132031, y Protocolos de protecci\u00f3n en el contexto del Mundial 2026. <\/p>\n<p>La Procuradora Federal de Protecci\u00f3n de Ni\u00f1as, Ni\u00f1os y Adolescentes, Fabiola Salas Ambriz, junto con representantes de las Procuradur\u00edas de Protecci\u00f3n todo el pa\u00eds, coordin\u00f3 los trabajos de di\u00e1logo, intercambio de experiencias y construcci\u00f3n de pol\u00edticas p\u00fablicas con enfoque social. <\/p>\n<p>La participaci\u00f3n de Hidalgo en este espacio reafirma su compromiso con la protecci\u00f3n integral de los derechos de la ni\u00f1ez, as\u00ed como con el fortalecimiento de pol\u00edticas p\u00fablicas que garanticen su bienestar y desarrollo pleno.<\/p>\n","protected":false},"excerpt":{"rendered":"<p>La Estrategia de Fortalecimiento de las Procuradur\u00edas 2026\u20132031 y Protocolos de protecci\u00f3n en el contexto del Mundial 2026, fueron algunos de los temas abordados PACHUCA, Hgo. &#8211; La Procuradur\u00eda de Protecci\u00f3n de Ni\u00f1as, Ni\u00f1os y Adolescentes de Hidalgo particip\u00f3 en la 16\u00aa Conferencia Nacional de Procuradur\u00edas de Protecci\u00f3n, organizada por el Sistema Nacional para el<\/p>\n","protected":false},"author":2,"featured_media":80253,"comment_status":"closed","ping_status":"closed","sticky":false,"template":"","format":"standard","meta":{"footnotes":""},"categories":[10,54],"tags":[],"class_list":{"0":"post-80252","1":"post","2":"type-post","3":"status-publish","4":"format-standard","5":"has-post-thumbnail","7":"category-hidalgo","8":"category-lo-ultimo"},"_links":{"self":[{"href":"https:\/\/elreporterohgo.com\/noticias\/wp-json\/wp\/v2\/posts\/80252","targetHints":{"allow":["GET"]}}],"collection":[{"href":"https:\/\/elreporterohgo.com\/noticias\/wp-json\/wp\/v2\/posts"}],"about":[{"href":"https:\/\/elreporterohgo.com\/noticias\/wp-json\/wp\/v2\/types\/post"}],"author":[{"embeddable":true,"href":"https:\/\/elreporterohgo.com\/noticias\/wp-json\/wp\/v2\/users\/2"}],"replies":[{"embeddable":true,"href":"https:\/\/elreporterohgo.com\/noticias\/wp-json\/wp\/v2\/comments?post=80252"}],"version-history":[{"count":1,"href":"https:\/\/elreporterohgo.com\/noticias\/wp-json\/wp\/v2\/posts\/80252\/revisions"}],"predecessor-version":[{"id":80254,"href":"https:\/\/elreporterohgo.com\/noticias\/wp-json\/wp\/v2\/posts\/80252\/revisions\/80254"}],"wp:featuredmedia":[{"embeddable":true,"href":"https:\/\/elreporterohgo.com\/noticias\/wp-json\/wp\/v2\/media\/80253"}],"wp:attachment":[{"href":"https:\/\/elreporterohgo.com\/noticias\/wp-json\/wp\/v2\/media?parent=80252"}],"wp:term":[{"taxonomy":"category","embeddable":true,"href":"https:\/\/elreporterohgo.com\/noticias\/wp-json\/wp\/v2\/categories?post=80252"},{"taxonomy":"post_tag","embeddable":true,"href":"https:\/\/elreporterohgo.com\/noticias\/wp-json\/wp\/v2\/tags?post=80252"}],"curies":[{"name":"wp","href":"https:\/\/api.w.org\/{rel}","templated":true}]}}