{"id":80239,"date":"2026-04-26T15:47:51","date_gmt":"2026-04-26T21:47:51","guid":{"rendered":"https:\/\/elreporterohgo.com\/noticias\/?p=80239"},"modified":"2026-04-26T15:47:51","modified_gmt":"2026-04-26T21:47:51","slug":"julio-menchaca-acompana-la-inauguracion-del-tren-buenavista-aifa","status":"publish","type":"post","link":"https:\/\/elreporterohgo.com\/noticias\/2026\/04\/26\/julio-menchaca-acompana-la-inauguracion-del-tren-buenavista-aifa\/","title":{"rendered":"Julio Menchaca acompa\u00f1a la inauguraci\u00f3n del tren Buenavista\u2013AIFA"},"content":{"rendered":"<p>El gobernador de Hidalgo, Julio Menchaca Salazar, acompa\u00f1\u00f3 a la presidenta de M\u00e9xico, Claudia Sheinbaum Pardo, en la inauguraci\u00f3n del tren \u00abFelipe \u00c1ngeles\u00bb, en su ramal Buenavista-AIFA, obra estrat\u00e9gica que fortalece la movilidad en la zona metropolitana del Valle de M\u00e9xico.<\/p>\n<p>Al momento de tomar la palabra, la presidenta Claudia Sheinbaum asever\u00f3 que el poder contar con un sistema de movilidad digno para el pueblo de M\u00e9xico, forma parte de los compromisos de bienestar y prosperidad compartida que promueve la Cuarta Transformaci\u00f3n. <\/p>\n<p>\u201cEl que esta l\u00ednea tenga el nombre de Felipe \u00c1ngeles, un distinguido hidalguense, un mexicano que mostr\u00f3 el cari\u00f1o a su patria en el frente de batalla y en representaciones diplom\u00e1ticas es motivo de orgullo para nuestra entidad\u201d, resalt\u00f3 Menchaca Salazar al recordar que estas obras significan un cambio trascendental y la posibilidad de ampliar las inversiones, el desarrollo y el bienestar para las y los hidalguenses. <\/p>\n<p>Durante este acto, en el que tambi\u00e9n estuvieron presentes la jefa de Gobierno de la Ciudad de M\u00e9xico, Clara Brugada Molina, y la gobernadora del Estado de M\u00e9xico, Delfina G\u00f3mez \u00c1lvarez, se destac\u00f3 la relevancia de este proyecto como parte del proceso de recuperaci\u00f3n y fortalecimiento de la red ferroviaria nacional impulsado por el Gobierno de M\u00e9xico.<\/p>\n<p>El mandatario hidalguense refrend\u00f3 su respaldo a la presidenta, a su gobierno y a la estrategia nacional de movilidad, al se\u00f1alar que este tipo de obras representan un paso firme hacia un sistema de transporte m\u00e1s eficiente, accesible y sustentable para millones de personas.<\/p>\n<p>El tren Buenavista\u2013Aeropuerto Internacional Felipe \u00c1ngeles inici\u00f3 operaciones a trav\u00e9s de una v\u00eda de 41 kil\u00f3metros con tarifas accesibles de 11.50 pesos en trayectos cortos y 45 pesos en recorrido completo, durante su primer mes, lo que permitir\u00e1 acercar este servicio a un mayor n\u00famero de personas usuarias.<\/p>\n<p>Con estas acciones, el Gobierno de Hidalgo reafirma su compromiso de trabajar de manera coordinada con la federaci\u00f3n para impulsar proyectos que potencien la conectividad, el desarrollo econ\u00f3mico y la proyecci\u00f3n de la entidad a nivel nacional, posicionando a Hidalgo como un nodo estrat\u00e9gico dentro del sistema ferroviario del pa\u00eds.<\/p>\n","protected":false},"excerpt":{"rendered":"<p>El gobernador de Hidalgo, Julio Menchaca Salazar, acompa\u00f1\u00f3 a la presidenta de M\u00e9xico, Claudia Sheinbaum Pardo, en la inauguraci\u00f3n del tren \u00abFelipe \u00c1ngeles\u00bb, en su ramal Buenavista-AIFA, obra estrat\u00e9gica que fortalece la movilidad en la zona metropolitana del Valle de M\u00e9xico. Al momento de tomar la palabra, la presidenta Claudia Sheinbaum asever\u00f3 que el poder<\/p>\n","protected":false},"author":2,"featured_media":80240,"comment_status":"closed","ping_status":"closed","sticky":false,"template":"","format":"standard","meta":{"footnotes":""},"categories":[10,54],"tags":[],"class_list":{"0":"post-80239","1":"post","2":"type-post","3":"status-publish","4":"format-standard","5":"has-post-thumbnail","7":"category-hidalgo","8":"category-lo-ultimo"},"_links":{"self":[{"href":"https:\/\/elreporterohgo.com\/noticias\/wp-json\/wp\/v2\/posts\/80239","targetHints":{"allow":["GET"]}}],"collection":[{"href":"https:\/\/elreporterohgo.com\/noticias\/wp-json\/wp\/v2\/posts"}],"about":[{"href":"https:\/\/elreporterohgo.com\/noticias\/wp-json\/wp\/v2\/types\/post"}],"author":[{"embeddable":true,"href":"https:\/\/elreporterohgo.com\/noticias\/wp-json\/wp\/v2\/users\/2"}],"replies":[{"embeddable":true,"href":"https:\/\/elreporterohgo.com\/noticias\/wp-json\/wp\/v2\/comments?post=80239"}],"version-history":[{"count":1,"href":"https:\/\/elreporterohgo.com\/noticias\/wp-json\/wp\/v2\/posts\/80239\/revisions"}],"predecessor-version":[{"id":80241,"href":"https:\/\/elreporterohgo.com\/noticias\/wp-json\/wp\/v2\/posts\/80239\/revisions\/80241"}],"wp:featuredmedia":[{"embeddable":true,"href":"https:\/\/elreporterohgo.com\/noticias\/wp-json\/wp\/v2\/media\/80240"}],"wp:attachment":[{"href":"https:\/\/elreporterohgo.com\/noticias\/wp-json\/wp\/v2\/media?parent=80239"}],"wp:term":[{"taxonomy":"category","embeddable":true,"href":"https:\/\/elreporterohgo.com\/noticias\/wp-json\/wp\/v2\/categories?post=80239"},{"taxonomy":"post_tag","embeddable":true,"href":"https:\/\/elreporterohgo.com\/noticias\/wp-json\/wp\/v2\/tags?post=80239"}],"curies":[{"name":"wp","href":"https:\/\/api.w.org\/{rel}","templated":true}]}}