{"id":80219,"date":"2026-04-25T23:22:28","date_gmt":"2026-04-26T05:22:28","guid":{"rendered":"https:\/\/elreporterohgo.com\/noticias\/?p=80219"},"modified":"2026-04-25T23:22:28","modified_gmt":"2026-04-26T05:22:28","slug":"imss-invita-a-participar-en-semana-nacional-de-vacunacion-2026","status":"publish","type":"post","link":"https:\/\/elreporterohgo.com\/noticias\/2026\/04\/25\/imss-invita-a-participar-en-semana-nacional-de-vacunacion-2026\/","title":{"rendered":"IMSS invita a participar en Semana  Nacional de Vacunaci\u00f3n 2026"},"content":{"rendered":"<p>En el marco de la Semana Nacional de Vacunaci\u00f3n 2026, la cual se llevar\u00e1 a cabo del 25 de<br \/>\nabril al 2 de mayo, con el Lema: \u201cVacunar es amar\u201d, el Instituto Mexicano del Seguro Social<br \/>\n(IMSS) en Hidalgo invita a la poblaci\u00f3n derechohabiente y no derechohabiente a acudir a los<br \/>\nm\u00f3dulos de inoculaci\u00f3n en las Unidades de Medicina Familiar (UMF), para completar<br \/>\nesquemas y prevenir enfermedades.<br \/>\nLas acciones de vacunaci\u00f3n por parte del Seguro Social en la entidad est\u00e1n dirigidas a ni\u00f1as y<br \/>\nni\u00f1os desde reci\u00e9n nacidos hasta los 9 a\u00f1os, adolescentes de 10 a 19 a\u00f1os, mujeres y<br \/>\nhombres de 20 a 59 a\u00f1os, personas adultas mayores de 60 a\u00f1os y m\u00e1s, ni\u00f1as y ni\u00f1os de<br \/>\nguarder\u00edas, adem\u00e1s de personas gestantes o en periodo de lactancia, poblaci\u00f3n de escuelas y<br \/>\nempresas<br \/>\nLa coordinadora de Enfermer\u00eda en Salud P\u00fablica del IMSS en Hidalgo, Yenny Leticia P\u00e9rez<br \/>\nCorona, explic\u00f3 que, el principal objetivo de estas actividades de vacunaci\u00f3n es que un mayor<br \/>\nn\u00famero de personas, y sus comunidades, est\u00e9n protegidas frente a enfermedades<br \/>\nprevenibles mediante vacunaci\u00f3n, por ello, solicit\u00f3 acudir a las UMF que corresponda.<br \/>\nLos biol\u00f3gicos que se aplicar\u00e1n son completamente seguros, los cuales estimulan el sistema<br \/>\ninmunol\u00f3gico, para prevenir enfermedades tales como: la tuberculosis men\u00edngea y miliar,<br \/>\nhepatitis B, tos ferina, t\u00e9tanos, poliomielitis y diarrea por rotavirus.<br \/>\n\u201cTambi\u00e9n se busca evitar enfermedades ocasionadas por neumococo, sarampi\u00f3n, rub\u00e9ola,<br \/>\nparotiditis, infecciones por Virus del Papiloma Humano, COVID-19 e influenza; es importante<br \/>\npresentarse con la Cartilla Nacional de Salud para revisar si a la persona le falta alguna<br \/>\nvacuna, a fin de completar su esquema, si no se cuenta a la mano con la Cartilla, no es<br \/>\nimpedimento para vacunarse\u201d, afirm\u00f3 la coordinadora.<br \/>\nP\u00e9rez Corona destac\u00f3 que, este a\u00f1o se incorpora la vacuna contra el virus sincitial<br \/>\nrespiratorio, vacuna que, al aplicarse en la persona gestante, permite trasferir defensas al<br \/>\nmenor de un a\u00f1o contra este virus respiratorio.<br \/>\nEl IMSS en Hidalgo hace un llamado a las personas que no tengan completos sus esquemas<br \/>\nde vacunaci\u00f3n para que acudan a las UMF de las 8:00 a las 20:00 horas, se recuerda que todas<br \/>\nlas vacunas son gratuitas y protegen la salud de todos.<\/p>\n","protected":false},"excerpt":{"rendered":"<p>En el marco de la Semana Nacional de Vacunaci\u00f3n 2026, la cual se llevar\u00e1 a cabo del 25 de abril al 2 de mayo, con el Lema: \u201cVacunar es amar\u201d, el Instituto Mexicano del Seguro Social (IMSS) en Hidalgo invita a la poblaci\u00f3n derechohabiente y no derechohabiente a acudir a los m\u00f3dulos de inoculaci\u00f3n en<\/p>\n","protected":false},"author":2,"featured_media":80220,"comment_status":"closed","ping_status":"closed","sticky":false,"template":"","format":"standard","meta":{"footnotes":""},"categories":[10,54],"tags":[],"class_list":{"0":"post-80219","1":"post","2":"type-post","3":"status-publish","4":"format-standard","5":"has-post-thumbnail","7":"category-hidalgo","8":"category-lo-ultimo"},"_links":{"self":[{"href":"https:\/\/elreporterohgo.com\/noticias\/wp-json\/wp\/v2\/posts\/80219","targetHints":{"allow":["GET"]}}],"collection":[{"href":"https:\/\/elreporterohgo.com\/noticias\/wp-json\/wp\/v2\/posts"}],"about":[{"href":"https:\/\/elreporterohgo.com\/noticias\/wp-json\/wp\/v2\/types\/post"}],"author":[{"embeddable":true,"href":"https:\/\/elreporterohgo.com\/noticias\/wp-json\/wp\/v2\/users\/2"}],"replies":[{"embeddable":true,"href":"https:\/\/elreporterohgo.com\/noticias\/wp-json\/wp\/v2\/comments?post=80219"}],"version-history":[{"count":1,"href":"https:\/\/elreporterohgo.com\/noticias\/wp-json\/wp\/v2\/posts\/80219\/revisions"}],"predecessor-version":[{"id":80221,"href":"https:\/\/elreporterohgo.com\/noticias\/wp-json\/wp\/v2\/posts\/80219\/revisions\/80221"}],"wp:featuredmedia":[{"embeddable":true,"href":"https:\/\/elreporterohgo.com\/noticias\/wp-json\/wp\/v2\/media\/80220"}],"wp:attachment":[{"href":"https:\/\/elreporterohgo.com\/noticias\/wp-json\/wp\/v2\/media?parent=80219"}],"wp:term":[{"taxonomy":"category","embeddable":true,"href":"https:\/\/elreporterohgo.com\/noticias\/wp-json\/wp\/v2\/categories?post=80219"},{"taxonomy":"post_tag","embeddable":true,"href":"https:\/\/elreporterohgo.com\/noticias\/wp-json\/wp\/v2\/tags?post=80219"}],"curies":[{"name":"wp","href":"https:\/\/api.w.org\/{rel}","templated":true}]}}