{"id":80216,"date":"2026-04-25T22:44:33","date_gmt":"2026-04-26T04:44:33","guid":{"rendered":"https:\/\/elreporterohgo.com\/noticias\/?p=80216"},"modified":"2026-04-25T22:44:33","modified_gmt":"2026-04-26T04:44:33","slug":"egresan-158-estudiantes-de-la-universidad-politecnica-de-huejutla","status":"publish","type":"post","link":"https:\/\/elreporterohgo.com\/noticias\/2026\/04\/25\/egresan-158-estudiantes-de-la-universidad-politecnica-de-huejutla\/","title":{"rendered":"Egresan 158 estudiantes de la Universidad Polit\u00e9cnica de Huejutla"},"content":{"rendered":"<p>La Universidad Polit\u00e9cnica de Huejutla (UPH), realiz\u00f3 la ceremonia de graduaci\u00f3n de la 12\u00aa generaci\u00f3n (2022\u20132025), en la que 158 estudiantes concluyeron su formaci\u00f3n profesional.<\/p>\n<p>El rector de la UPH, Jos\u00e9 Eugenio Segura Marroqu\u00edn, destac\u00f3 el esfuerzo, disciplina y compromiso de quienes egresaron durante su trayectoria universitaria. <\/p>\n<p>En representaci\u00f3n del secretario de Educaci\u00f3n P\u00fablica de Hidalgo, Natividad Castrej\u00f3n Valdez, el rector de la Universidad Tecnol\u00f3gica de la Huasteca Hidalguense (UTHH), Miguel Acosta Salazar, se\u00f1al\u00f3 que el gobierno estatal, encabezado por Julio Menchaca Salazar, mantiene su respaldo al desarrollo educativo de la regi\u00f3n.<\/p>\n<p>Durante el acto protocolario, se reconoci\u00f3 el trabajo y la dedicaci\u00f3n de la generaci\u00f3n 2022\u20132025, as\u00ed como su preparaci\u00f3n acad\u00e9mica y su capacidad para enfrentar los retos del entorno laboral con una visi\u00f3n innovadora y compromiso social.<\/p>\n<p>La Banda Sinf\u00f3nica de la Escuela Secundaria General \u201cH\u00e9roe Antonio Reyes\u201d particip\u00f3 en el evento con la interpretaci\u00f3n de piezas musicales inspiradas en reconocidas pel\u00edculas.<\/p>\n<p>El evento reuni\u00f3 aproximadamente 450 asistentes, entre autoridades educativas, invitados especiales, personal de la instituci\u00f3n, egresados y sus familiares, quienes fueron testigos de este importante logro acad\u00e9mico.<\/p>\n<p>Con esta ceremonia, la UPH reafirma su compromiso con la formaci\u00f3n de profesionistas de calidad y su contribuci\u00f3n al desarrollo educativo de la regi\u00f3n.<\/p>\n","protected":false},"excerpt":{"rendered":"<p>La Universidad Polit\u00e9cnica de Huejutla (UPH), realiz\u00f3 la ceremonia de graduaci\u00f3n de la 12\u00aa generaci\u00f3n (2022\u20132025), en la que 158 estudiantes concluyeron su formaci\u00f3n profesional. El rector de la UPH, Jos\u00e9 Eugenio Segura Marroqu\u00edn, destac\u00f3 el esfuerzo, disciplina y compromiso de quienes egresaron durante su trayectoria universitaria. En representaci\u00f3n del secretario de Educaci\u00f3n P\u00fablica de<\/p>\n","protected":false},"author":2,"featured_media":80217,"comment_status":"closed","ping_status":"closed","sticky":false,"template":"","format":"standard","meta":{"footnotes":""},"categories":[10,54],"tags":[],"class_list":{"0":"post-80216","1":"post","2":"type-post","3":"status-publish","4":"format-standard","5":"has-post-thumbnail","7":"category-hidalgo","8":"category-lo-ultimo"},"_links":{"self":[{"href":"https:\/\/elreporterohgo.com\/noticias\/wp-json\/wp\/v2\/posts\/80216","targetHints":{"allow":["GET"]}}],"collection":[{"href":"https:\/\/elreporterohgo.com\/noticias\/wp-json\/wp\/v2\/posts"}],"about":[{"href":"https:\/\/elreporterohgo.com\/noticias\/wp-json\/wp\/v2\/types\/post"}],"author":[{"embeddable":true,"href":"https:\/\/elreporterohgo.com\/noticias\/wp-json\/wp\/v2\/users\/2"}],"replies":[{"embeddable":true,"href":"https:\/\/elreporterohgo.com\/noticias\/wp-json\/wp\/v2\/comments?post=80216"}],"version-history":[{"count":1,"href":"https:\/\/elreporterohgo.com\/noticias\/wp-json\/wp\/v2\/posts\/80216\/revisions"}],"predecessor-version":[{"id":80218,"href":"https:\/\/elreporterohgo.com\/noticias\/wp-json\/wp\/v2\/posts\/80216\/revisions\/80218"}],"wp:featuredmedia":[{"embeddable":true,"href":"https:\/\/elreporterohgo.com\/noticias\/wp-json\/wp\/v2\/media\/80217"}],"wp:attachment":[{"href":"https:\/\/elreporterohgo.com\/noticias\/wp-json\/wp\/v2\/media?parent=80216"}],"wp:term":[{"taxonomy":"category","embeddable":true,"href":"https:\/\/elreporterohgo.com\/noticias\/wp-json\/wp\/v2\/categories?post=80216"},{"taxonomy":"post_tag","embeddable":true,"href":"https:\/\/elreporterohgo.com\/noticias\/wp-json\/wp\/v2\/tags?post=80216"}],"curies":[{"name":"wp","href":"https:\/\/api.w.org\/{rel}","templated":true}]}}