{"id":78042,"date":"2026-01-29T23:06:24","date_gmt":"2026-01-30T05:06:24","guid":{"rendered":"https:\/\/elreporterohgo.com\/noticias\/?p=78042"},"modified":"2026-01-29T23:06:24","modified_gmt":"2026-01-30T05:06:24","slug":"sujeto-armado-capturado-al-merodear-por-arboledas-de-san-javier","status":"publish","type":"post","link":"https:\/\/elreporterohgo.com\/noticias\/2026\/01\/29\/sujeto-armado-capturado-al-merodear-por-arboledas-de-san-javier\/","title":{"rendered":"Sujeto armado capturado al merodear por Arboledas de San Javier"},"content":{"rendered":"<p>PACHUCA, Hgo. &#8211; Derivado de un reporte emitido por la Central de Radio C-4 por presunta portaci\u00f3n de arma de fuego, elementos de seguridad se trasladaron al Fraccionamiento Arboledas de San Javier, donde se entrevistaron con una persona trabajadora de una empresa refresquera, quien refiri\u00f3 que momentos antes una persona del g\u00e9nero masculino, a bordo de un veh\u00edculo Volkswagen tipo Vento, color rojo, le hab\u00eda mostrado un arma de fuego.<br \/>\nCon base en dicha informaci\u00f3n, se realiz\u00f3 la inspecci\u00f3n del veh\u00edculo se\u00f1alado, localizando a la altura de la palanca de velocidades un arma de fuego. Al solicitar los permisos correspondientes para la portaci\u00f3n de la misma, el conductor manifest\u00f3 no contar con los mismos y, durante la intervenci\u00f3n, presuntamente incurri\u00f3 en el delito de cohecho al intentar ofrecer un beneficio indebido a los elementos actuantes.<br \/>\nAl aplicar las medidas de seguridad, se constat\u00f3 que en el interior de la rec\u00e1mara del arma se encontraba un cartucho \u00fatil, por lo que se procedi\u00f3 al aseguramiento del arma y al traslado del masculino, identificado con las iniciales J. A. G. S., de 24 a\u00f1os de edad, originario del municipio de San Bartolo Tutotepec, al \u00e1rea jur\u00eddica del Ministerio P\u00fablico, a fin de determinar su situaci\u00f3n legal conforme a la normatividad vigente.<\/p>\n","protected":false},"excerpt":{"rendered":"<p>PACHUCA, Hgo. &#8211; Derivado de un reporte emitido por la Central de Radio C-4 por presunta portaci\u00f3n de arma de fuego, elementos de seguridad se trasladaron al Fraccionamiento Arboledas de San Javier, donde se entrevistaron con una persona trabajadora de una empresa refresquera, quien refiri\u00f3 que momentos antes una persona del g\u00e9nero masculino, a bordo<\/p>\n","protected":false},"author":2,"featured_media":78043,"comment_status":"closed","ping_status":"closed","sticky":false,"template":"","format":"standard","meta":{"footnotes":""},"categories":[10],"tags":[],"class_list":{"0":"post-78042","1":"post","2":"type-post","3":"status-publish","4":"format-standard","5":"has-post-thumbnail","7":"category-hidalgo"},"_links":{"self":[{"href":"https:\/\/elreporterohgo.com\/noticias\/wp-json\/wp\/v2\/posts\/78042","targetHints":{"allow":["GET"]}}],"collection":[{"href":"https:\/\/elreporterohgo.com\/noticias\/wp-json\/wp\/v2\/posts"}],"about":[{"href":"https:\/\/elreporterohgo.com\/noticias\/wp-json\/wp\/v2\/types\/post"}],"author":[{"embeddable":true,"href":"https:\/\/elreporterohgo.com\/noticias\/wp-json\/wp\/v2\/users\/2"}],"replies":[{"embeddable":true,"href":"https:\/\/elreporterohgo.com\/noticias\/wp-json\/wp\/v2\/comments?post=78042"}],"version-history":[{"count":1,"href":"https:\/\/elreporterohgo.com\/noticias\/wp-json\/wp\/v2\/posts\/78042\/revisions"}],"predecessor-version":[{"id":78044,"href":"https:\/\/elreporterohgo.com\/noticias\/wp-json\/wp\/v2\/posts\/78042\/revisions\/78044"}],"wp:featuredmedia":[{"embeddable":true,"href":"https:\/\/elreporterohgo.com\/noticias\/wp-json\/wp\/v2\/media\/78043"}],"wp:attachment":[{"href":"https:\/\/elreporterohgo.com\/noticias\/wp-json\/wp\/v2\/media?parent=78042"}],"wp:term":[{"taxonomy":"category","embeddable":true,"href":"https:\/\/elreporterohgo.com\/noticias\/wp-json\/wp\/v2\/categories?post=78042"},{"taxonomy":"post_tag","embeddable":true,"href":"https:\/\/elreporterohgo.com\/noticias\/wp-json\/wp\/v2\/tags?post=78042"}],"curies":[{"name":"wp","href":"https:\/\/api.w.org\/{rel}","templated":true}]}}