{"id":76263,"date":"2025-11-01T19:44:46","date_gmt":"2025-11-02T01:44:46","guid":{"rendered":"https:\/\/elreporterohgo.com\/noticias\/?p=76263"},"modified":"2025-12-08T03:43:13","modified_gmt":"2025-12-08T09:43:13","slug":"emiliano-zapata-celebra-con-alegria-su-tradicional-desfile-de-dia-de-muertos","status":"publish","type":"post","link":"https:\/\/elreporterohgo.com\/noticias\/2025\/11\/01\/emiliano-zapata-celebra-con-alegria-su-tradicional-desfile-de-dia-de-muertos\/","title":{"rendered":"Emiliano Zapata celebra con alegr\u00eda su tradicional desfile de D\u00eda de Muertos"},"content":{"rendered":"<p>El municipio de *Emiliano Zapata, Hidalgo, continu\u00f3 el d\u00eda **31 de octubre* con las festividades del *D\u00eda de Muertos, llevando a cabo el tradicional **Desfile de D\u00eda de Muertos 2025*, una colorida muestra de cultura, tradici\u00f3n y orgullo zapatense.<\/p>\n<p>El recorrido inici\u00f3 en las comunidades de *Santa Clara, Jos\u00e9 Mar\u00eda Morelos y Santa B\u00e1rbara, avanzando hasta llegar a la **cabecera municipal, donde concluy\u00f3 en el **foro del pueblo. Durante el trayecto, **familias zapatenses* participaron con entusiasmo presentando *carros aleg\u00f3ricos, disfraces y veh\u00edculos decorados, llenando las calles de **color, m\u00fasica y alegr\u00eda*.<br \/>\n<a href=\"https:\/\/elreporterohgo.com\/noticias\/wp-content\/uploads\/2025\/11\/zzzxzxzxvft5-2.jpg\"><img fetchpriority=\"high\" decoding=\"async\" src=\"https:\/\/elreporterohgo.com\/noticias\/wp-content\/uploads\/2025\/11\/zzzxzxzxvft5-2-300x228.jpg\" alt=\"\" width=\"300\" height=\"228\" class=\"alignnone size-medium wp-image-76266\" srcset=\"https:\/\/elreporterohgo.com\/noticias\/wp-content\/uploads\/2025\/11\/zzzxzxzxvft5-2-300x228.jpg 300w, https:\/\/elreporterohgo.com\/noticias\/wp-content\/uploads\/2025\/11\/zzzxzxzxvft5-2-1024x779.jpg 1024w, https:\/\/elreporterohgo.com\/noticias\/wp-content\/uploads\/2025\/11\/zzzxzxzxvft5-2-768x584.jpg 768w, https:\/\/elreporterohgo.com\/noticias\/wp-content\/uploads\/2025\/11\/zzzxzxzxvft5-2-1536x1168.jpg 1536w, https:\/\/elreporterohgo.com\/noticias\/wp-content\/uploads\/2025\/11\/zzzxzxzxvft5-2-150x114.jpg 150w, https:\/\/elreporterohgo.com\/noticias\/wp-content\/uploads\/2025\/11\/zzzxzxzxvft5-2-450x342.jpg 450w, https:\/\/elreporterohgo.com\/noticias\/wp-content\/uploads\/2025\/11\/zzzxzxzxvft5-2-1200x913.jpg 1200w, https:\/\/elreporterohgo.com\/noticias\/wp-content\/uploads\/2025\/11\/zzzxzxzxvft5-2.jpg 1649w\" sizes=\"(max-width: 300px) 100vw, 300px\" \/><\/a><br \/>\nPosteriormente, en el foro del pueblo se desarrollaron los *eventos programados para esta fecha, entre ellos la **premiaci\u00f3n del concurso de calaveritas literarias* y el *concurso de catrinas y catrines municipales*, en los que participaron ni\u00f1as, ni\u00f1os, j\u00f3venes y adultos, demostrando su creatividad y amor por las tradiciones mexicanas.<\/p>\n<p>Las actividades fueron *presididas por la Dra. Nelyda Hern\u00e1ndez Palomares, presidenta municipal de Emiliano Zapata*, quien felicit\u00f3 a todas las personas participantes y destac\u00f3 la importancia de conservar y fortalecer nuestras costumbres y valores culturales, celebrando con respeto y alegr\u00eda estas fechas tan significativas para las familias mexicanas.<\/p>\n<p>Para cerrar con broche de oro, la noche culmin\u00f3 con la *presentaci\u00f3n del grupo \u201cBajo Cero\u201d, que puso a **bailar y cantar a todos los asistentes*, haciendo de esta jornada una velada inolvidable llena de convivencia, tradici\u00f3n y orgullo comunitario.<br \/>\n<a href=\"https:\/\/elreporterohgo.com\/noticias\/wp-content\/uploads\/2025\/11\/zzzzzzzzzzzzzzzzzzzzzzzzzzzzzzzzzzzzzzzzzzzzzzzzzzzzzzzzzzzz5678uy-2.jpg\"><img decoding=\"async\" src=\"https:\/\/elreporterohgo.com\/noticias\/wp-content\/uploads\/2025\/11\/zzzzzzzzzzzzzzzzzzzzzzzzzzzzzzzzzzzzzzzzzzzzzzzzzzzzzzzzzzzz5678uy-2-300x227.jpg\" alt=\"\" width=\"300\" height=\"227\" class=\"alignnone size-medium wp-image-76268\" srcset=\"https:\/\/elreporterohgo.com\/noticias\/wp-content\/uploads\/2025\/11\/zzzzzzzzzzzzzzzzzzzzzzzzzzzzzzzzzzzzzzzzzzzzzzzzzzzzzzzzzzzz5678uy-2-300x227.jpg 300w, https:\/\/elreporterohgo.com\/noticias\/wp-content\/uploads\/2025\/11\/zzzzzzzzzzzzzzzzzzzzzzzzzzzzzzzzzzzzzzzzzzzzzzzzzzzzzzzzzzzz5678uy-2-1024x776.jpg 1024w, https:\/\/elreporterohgo.com\/noticias\/wp-content\/uploads\/2025\/11\/zzzzzzzzzzzzzzzzzzzzzzzzzzzzzzzzzzzzzzzzzzzzzzzzzzzzzzzzzzzz5678uy-2-768x582.jpg 768w, https:\/\/elreporterohgo.com\/noticias\/wp-content\/uploads\/2025\/11\/zzzzzzzzzzzzzzzzzzzzzzzzzzzzzzzzzzzzzzzzzzzzzzzzzzzzzzzzzzzz5678uy-2-1536x1165.jpg 1536w, https:\/\/elreporterohgo.com\/noticias\/wp-content\/uploads\/2025\/11\/zzzzzzzzzzzzzzzzzzzzzzzzzzzzzzzzzzzzzzzzzzzzzzzzzzzzzzzzzzzz5678uy-2-150x114.jpg 150w, https:\/\/elreporterohgo.com\/noticias\/wp-content\/uploads\/2025\/11\/zzzzzzzzzzzzzzzzzzzzzzzzzzzzzzzzzzzzzzzzzzzzzzzzzzzzzzzzzzzz5678uy-2-450x341.jpg 450w, https:\/\/elreporterohgo.com\/noticias\/wp-content\/uploads\/2025\/11\/zzzzzzzzzzzzzzzzzzzzzzzzzzzzzzzzzzzzzzzzzzzzzzzzzzzzzzzzzzzz5678uy-2-1200x910.jpg 1200w, https:\/\/elreporterohgo.com\/noticias\/wp-content\/uploads\/2025\/11\/zzzzzzzzzzzzzzzzzzzzzzzzzzzzzzzzzzzzzzzzzzzzzzzzzzzzzzzzzzzz5678uy-2.jpg 1650w\" sizes=\"(max-width: 300px) 100vw, 300px\" \/><\/a><\/p>\n","protected":false},"excerpt":{"rendered":"<p>El municipio de *Emiliano Zapata, Hidalgo, continu\u00f3 el d\u00eda **31 de octubre* con las festividades del *D\u00eda de Muertos, llevando a cabo el tradicional **Desfile de D\u00eda de Muertos 2025*, una colorida muestra de cultura, tradici\u00f3n y orgullo zapatense. El recorrido inici\u00f3 en las comunidades de *Santa Clara, Jos\u00e9 Mar\u00eda Morelos y Santa B\u00e1rbara, avanzando<\/p>\n","protected":false},"author":2,"featured_media":76264,"comment_status":"closed","ping_status":"closed","sticky":false,"template":"","format":"standard","meta":{"footnotes":""},"categories":[10,54,65],"tags":[],"class_list":{"0":"post-76263","1":"post","2":"type-post","3":"status-publish","4":"format-standard","5":"has-post-thumbnail","7":"category-hidalgo","8":"category-lo-ultimo","9":"category-municipios"},"_links":{"self":[{"href":"https:\/\/elreporterohgo.com\/noticias\/wp-json\/wp\/v2\/posts\/76263","targetHints":{"allow":["GET"]}}],"collection":[{"href":"https:\/\/elreporterohgo.com\/noticias\/wp-json\/wp\/v2\/posts"}],"about":[{"href":"https:\/\/elreporterohgo.com\/noticias\/wp-json\/wp\/v2\/types\/post"}],"author":[{"embeddable":true,"href":"https:\/\/elreporterohgo.com\/noticias\/wp-json\/wp\/v2\/users\/2"}],"replies":[{"embeddable":true,"href":"https:\/\/elreporterohgo.com\/noticias\/wp-json\/wp\/v2\/comments?post=76263"}],"version-history":[{"count":3,"href":"https:\/\/elreporterohgo.com\/noticias\/wp-json\/wp\/v2\/posts\/76263\/revisions"}],"predecessor-version":[{"id":76276,"href":"https:\/\/elreporterohgo.com\/noticias\/wp-json\/wp\/v2\/posts\/76263\/revisions\/76276"}],"wp:featuredmedia":[{"embeddable":true,"href":"https:\/\/elreporterohgo.com\/noticias\/wp-json\/wp\/v2\/media\/76264"}],"wp:attachment":[{"href":"https:\/\/elreporterohgo.com\/noticias\/wp-json\/wp\/v2\/media?parent=76263"}],"wp:term":[{"taxonomy":"category","embeddable":true,"href":"https:\/\/elreporterohgo.com\/noticias\/wp-json\/wp\/v2\/categories?post=76263"},{"taxonomy":"post_tag","embeddable":true,"href":"https:\/\/elreporterohgo.com\/noticias\/wp-json\/wp\/v2\/tags?post=76263"}],"curies":[{"name":"wp","href":"https:\/\/api.w.org\/{rel}","templated":true}]}}