{"id":76260,"date":"2025-11-01T19:40:49","date_gmt":"2025-11-02T01:40:49","guid":{"rendered":"https:\/\/elreporterohgo.com\/noticias\/?p=76260"},"modified":"2025-12-08T03:42:51","modified_gmt":"2025-12-08T09:42:51","slug":"emiliano-zapata-celebra-con-orgullo-sus-tradiciones-de-dia-de-muertos","status":"publish","type":"post","link":"https:\/\/elreporterohgo.com\/noticias\/2025\/11\/01\/emiliano-zapata-celebra-con-orgullo-sus-tradiciones-de-dia-de-muertos\/","title":{"rendered":"Emiliano Zapata celebra con orgullo sus tradiciones de D\u00eda de Muertos"},"content":{"rendered":"<p>EMILIANO ZAPATA, Hgo. &#8211; Durante estos d\u00edas de festividades, el municipio de Emiliano Zapata, Hidalgo, se llen\u00f3 de color, tradici\u00f3n y misticismo con las celebraciones del D\u00eda de Muertos, una de las fechas m\u00e1s significativas para las familias zapatenses.<\/p>\n<p>Las actividades comenzaron el 30 de octubre con la colocaci\u00f3n de la ofrenda municipal, decorada con catrinas y catrines, flores de cempas\u00fachil, veladoras y una gran variedad de alimentos tradicionales.<\/p>\n<p>La celebraci\u00f3n continu\u00f3 con el tradicional recorrido nocturno, que parti\u00f3 del foro del pueblo*rumbo al *pante\u00f3n municipal. Durante el trayecto, los asistentes disfrutaron de la narraci\u00f3n de historias y leyendas locales, evocando personajes y sucesos que forman parte del patrimonio cultural de nuestro municipio.<\/p>\n<p>Al llegar al pante\u00f3n, el p\u00fablico fue recibido con una *obra de teatro a cargo del Grupo Radio Apan, titulada \u201c\u00bfQui\u00e9n soy? \u00bfQu\u00e9 hago aqu\u00ed?\u201d, la cual combin\u00f3 reflexi\u00f3n, humor y emoci\u00f3n, recordando la importancia de mantener vivos los recuerdos de quienes ya partieron.<\/p>\n<p>Las familias zapatenses* hicieron de esta jornada una experiencia inolvidable, llena de *alegr\u00eda, respeto y misticismo*, reafirmando el orgullo de pertenecer a una comunidad que valora sus ra\u00edces y celebra la vida a trav\u00e9s del recuerdo.<\/p>\n","protected":false},"excerpt":{"rendered":"<p>EMILIANO ZAPATA, Hgo. &#8211; Durante estos d\u00edas de festividades, el municipio de Emiliano Zapata, Hidalgo, se llen\u00f3 de color, tradici\u00f3n y misticismo con las celebraciones del D\u00eda de Muertos, una de las fechas m\u00e1s significativas para las familias zapatenses. Las actividades comenzaron el 30 de octubre con la colocaci\u00f3n de la ofrenda municipal, decorada con<\/p>\n","protected":false},"author":2,"featured_media":76261,"comment_status":"closed","ping_status":"closed","sticky":false,"template":"","format":"standard","meta":{"footnotes":""},"categories":[10,54,65],"tags":[],"class_list":{"0":"post-76260","1":"post","2":"type-post","3":"status-publish","4":"format-standard","5":"has-post-thumbnail","7":"category-hidalgo","8":"category-lo-ultimo","9":"category-municipios"},"_links":{"self":[{"href":"https:\/\/elreporterohgo.com\/noticias\/wp-json\/wp\/v2\/posts\/76260","targetHints":{"allow":["GET"]}}],"collection":[{"href":"https:\/\/elreporterohgo.com\/noticias\/wp-json\/wp\/v2\/posts"}],"about":[{"href":"https:\/\/elreporterohgo.com\/noticias\/wp-json\/wp\/v2\/types\/post"}],"author":[{"embeddable":true,"href":"https:\/\/elreporterohgo.com\/noticias\/wp-json\/wp\/v2\/users\/2"}],"replies":[{"embeddable":true,"href":"https:\/\/elreporterohgo.com\/noticias\/wp-json\/wp\/v2\/comments?post=76260"}],"version-history":[{"count":1,"href":"https:\/\/elreporterohgo.com\/noticias\/wp-json\/wp\/v2\/posts\/76260\/revisions"}],"predecessor-version":[{"id":76262,"href":"https:\/\/elreporterohgo.com\/noticias\/wp-json\/wp\/v2\/posts\/76260\/revisions\/76262"}],"wp:featuredmedia":[{"embeddable":true,"href":"https:\/\/elreporterohgo.com\/noticias\/wp-json\/wp\/v2\/media\/76261"}],"wp:attachment":[{"href":"https:\/\/elreporterohgo.com\/noticias\/wp-json\/wp\/v2\/media?parent=76260"}],"wp:term":[{"taxonomy":"category","embeddable":true,"href":"https:\/\/elreporterohgo.com\/noticias\/wp-json\/wp\/v2\/categories?post=76260"},{"taxonomy":"post_tag","embeddable":true,"href":"https:\/\/elreporterohgo.com\/noticias\/wp-json\/wp\/v2\/tags?post=76260"}],"curies":[{"name":"wp","href":"https:\/\/api.w.org\/{rel}","templated":true}]}}