{"id":74052,"date":"2025-08-07T18:56:54","date_gmt":"2025-08-08T00:56:54","guid":{"rendered":"https:\/\/elreporterohgo.com\/noticias\/?p=74052"},"modified":"2025-09-08T17:51:44","modified_gmt":"2025-09-08T23:51:44","slug":"quejas-por-mala-calidad-de-vehiculos-nuevos-jac-y-vw","status":"publish","type":"post","link":"https:\/\/elreporterohgo.com\/noticias\/2025\/08\/07\/quejas-por-mala-calidad-de-vehiculos-nuevos-jac-y-vw\/","title":{"rendered":"Quejas por mala calidad de veh\u00edculos nuevos JAC y VW"},"content":{"rendered":"<p>Afectados han llegado a acuerdos con empresas<br \/>\nPor Juan Sabino Cruz<br \/>\nPACHUCA, Hgo. \u2013 Todas las personas que tengan en mente comprar un veh\u00edculo nuevo, sin duda, deben tener mucho cuidado, leer bien letras grandes y chiquitas para conocer condiciones del contrato, garant\u00edas y evitarse dolores de cabeza como ya ocurri\u00f3 con las empresas JAC establecida en Ciudad Sahag\u00fan y la firma alemana Volkswagen.<br \/>\nNabor Alberto Rojas Mancera, Director Regional de Profeco Pachuca, entrevistado por EL REPORTERO, dio a conocer que hubo tres quejas contra agencias automotrices como son JAC y Volkswagen.<br \/>\nRecord\u00f3 que una persona compro una camioneta JAC Frison, pues presento problemas de motor, fue ingresada en varias ocasiones por garant\u00eda y jam\u00e1s qued\u00f3 reparada.<br \/>\nAnte la falta de respuesta por parte de la agencia JAC, el problema escalo hasta la planta armadora de Ciudad Sahag\u00fan y la afectada se manifest\u00f3 fuera de la agencia de Pachuca.<br \/>\nRojas Mancera estableci\u00f3 que intervino la instituci\u00f3n a su cargo en defensa del consumidor que exigi\u00f3 la devoluci\u00f3n de su dinero.<br \/>\nEl funcionario estableci\u00f3 que hubo una conciliaci\u00f3n, la armadora de veh\u00edculos y agencia de autom\u00f3viles JAC dialogaron y alcanzaron un acuerdo con el afectado que hab\u00eda comprado su veh\u00edculo.<br \/>\nCabe hacer menci\u00f3n que la armadora de veh\u00edculos con tecnolog\u00eda China JAC se encuentra establecida en el corredor industrial de Ciudad Sahag\u00fan.<br \/>\nQUEJAS CONTRA VW<br \/>\nTambi\u00e9n existen quejas en contra de la agencia automotriz Volkswagen, a personas distintas vendieron dos veh\u00edculos de los cuales uno sali\u00f3 mal del motor y otro de las ventanillas<br \/>\nExplic\u00f3 que, durante la conciliaci\u00f3n, el comprador del veh\u00edculo con fallas en las ventanillas ya lleg\u00f3 a un acuerdo.<br \/>\nSin embargo, por el veh\u00edculo Volkswagen que sali\u00f3 mal del motor, la queja sigue vigente.<br \/>\nFinalmente, el funcionario exhorto a los consumidores siempre exigir sus contratos y leer las letras chiquitas y grandes para evitar ver afectado su patrimonio.<\/p>\n","protected":false},"excerpt":{"rendered":"<p>Afectados han llegado a acuerdos con empresas Por Juan Sabino Cruz PACHUCA, Hgo. \u2013 Todas las personas que tengan en mente comprar un veh\u00edculo nuevo, sin duda, deben tener mucho cuidado, leer bien letras grandes y chiquitas para conocer condiciones del contrato, garant\u00edas y evitarse dolores de cabeza como ya ocurri\u00f3 con las empresas JAC<\/p>\n","protected":false},"author":2,"featured_media":74053,"comment_status":"open","ping_status":"closed","sticky":false,"template":"","format":"standard","meta":{"footnotes":""},"categories":[10,54],"tags":[],"class_list":{"0":"post-74052","1":"post","2":"type-post","3":"status-publish","4":"format-standard","5":"has-post-thumbnail","7":"category-hidalgo","8":"category-lo-ultimo"},"_links":{"self":[{"href":"https:\/\/elreporterohgo.com\/noticias\/wp-json\/wp\/v2\/posts\/74052","targetHints":{"allow":["GET"]}}],"collection":[{"href":"https:\/\/elreporterohgo.com\/noticias\/wp-json\/wp\/v2\/posts"}],"about":[{"href":"https:\/\/elreporterohgo.com\/noticias\/wp-json\/wp\/v2\/types\/post"}],"author":[{"embeddable":true,"href":"https:\/\/elreporterohgo.com\/noticias\/wp-json\/wp\/v2\/users\/2"}],"replies":[{"embeddable":true,"href":"https:\/\/elreporterohgo.com\/noticias\/wp-json\/wp\/v2\/comments?post=74052"}],"version-history":[{"count":1,"href":"https:\/\/elreporterohgo.com\/noticias\/wp-json\/wp\/v2\/posts\/74052\/revisions"}],"predecessor-version":[{"id":74054,"href":"https:\/\/elreporterohgo.com\/noticias\/wp-json\/wp\/v2\/posts\/74052\/revisions\/74054"}],"wp:featuredmedia":[{"embeddable":true,"href":"https:\/\/elreporterohgo.com\/noticias\/wp-json\/wp\/v2\/media\/74053"}],"wp:attachment":[{"href":"https:\/\/elreporterohgo.com\/noticias\/wp-json\/wp\/v2\/media?parent=74052"}],"wp:term":[{"taxonomy":"category","embeddable":true,"href":"https:\/\/elreporterohgo.com\/noticias\/wp-json\/wp\/v2\/categories?post=74052"},{"taxonomy":"post_tag","embeddable":true,"href":"https:\/\/elreporterohgo.com\/noticias\/wp-json\/wp\/v2\/tags?post=74052"}],"curies":[{"name":"wp","href":"https:\/\/api.w.org\/{rel}","templated":true}]}}