{"id":68054,"date":"2024-11-18T15:28:11","date_gmt":"2024-11-18T21:28:11","guid":{"rendered":"https:\/\/elreporterohgo.com\/noticias\/?p=68054"},"modified":"2024-12-13T05:38:37","modified_gmt":"2024-12-13T11:38:37","slug":"diputada-detalla-agenda-de-trabajo-a-favor-de-migrantes","status":"publish","type":"post","link":"https:\/\/elreporterohgo.com\/noticias\/2024\/11\/18\/diputada-detalla-agenda-de-trabajo-a-favor-de-migrantes\/","title":{"rendered":"Diputada detalla agenda de trabajo a favor de migrantes"},"content":{"rendered":"<p>&nbsp;<\/p>\n<p>PACHUCA, Hgo. &#8211; Durante la tarde del d\u00eda de ayer 14 de noviembre de 2024, la presidenta de la Comisi\u00f3n de Poblaci\u00f3n y Migraci\u00f3n, Montcerrat Hern\u00e1ndez convoc\u00f3 a las y los diputados de dicha comisi\u00f3n a reuni\u00f3n de trabajo en compa\u00f1\u00eda de Manuel Aranda, Director General de Atenci\u00f3n al Migrante en Hidalgo.<\/p>\n<p>Las y los integrantes de la LXVI Legislatura cuestionaron a Aranda para conocer el contexto bajo el que se llevan a cabo los trabajos en materia de migraci\u00f3n en Hidalgo y as\u00ed coordinar esfuerzos con la Comisi\u00f3n encabezada por la Diputada Johana Montcerrat Hern\u00e1ndez P\u00e9rez (PRI).<\/p>\n<p>En esta sesi\u00f3n se trataron temas como el apoyo a inmigrantes no hidalguenses que llegan a nuestro estado; adultos mayores, ni\u00f1as y ni\u00f1os, apoyo psicol\u00f3gico y monetario a familias, as\u00ed c\u00f3mo asesor\u00edas jur\u00eddicas para migrantes hidalguenses, etc.<\/p>\n<p>Montcerrat Hern\u00e1ndez se comprometi\u00f3 como presidenta de esta comisi\u00f3n a sumar esfuerzos para legislar a favor de los migrantes, ya que actualmente el presupuesto etiquetado en esta materia es insuficiente para completar sus labores operativas y existen grandes problem\u00e1ticas en materia de migraci\u00f3n como el traslado de restos mortuorios, deportaci\u00f3n, tr\u00e1mite de visas, asistencia legal, etc.<\/p>\n<p>\u201cDurante este periodo sumaremos esfuerzos en beneficio de las y los migrantes sin importar los colores que nos representen\u201d.<\/p>\n<p>\u201cTrabajaremos en coordinaci\u00f3n para garantizar que se respeten los derechos de todas y todos los migrantes\u201d, as\u00ed concluy\u00f3, Montcerrat Hern\u00e1ndez, presidenta de la Comisi\u00f3n de Poblaci\u00f3n y Migraci\u00f3n.<\/p>\n","protected":false},"excerpt":{"rendered":"<p>&nbsp; PACHUCA, Hgo. &#8211; Durante la tarde del d\u00eda de ayer 14 de noviembre de 2024, la presidenta de la Comisi\u00f3n de Poblaci\u00f3n y Migraci\u00f3n, Montcerrat Hern\u00e1ndez convoc\u00f3 a las y los diputados de dicha comisi\u00f3n a reuni\u00f3n de trabajo en compa\u00f1\u00eda de Manuel Aranda, Director General de Atenci\u00f3n al Migrante en Hidalgo. Las y<\/p>\n","protected":false},"author":2,"featured_media":68055,"comment_status":"open","ping_status":"closed","sticky":false,"template":"","format":"standard","meta":{"footnotes":""},"categories":[10,66,54],"tags":[],"class_list":{"0":"post-68054","1":"post","2":"type-post","3":"status-publish","4":"format-standard","5":"has-post-thumbnail","7":"category-hidalgo","8":"category-internacional","9":"category-lo-ultimo"},"_links":{"self":[{"href":"https:\/\/elreporterohgo.com\/noticias\/wp-json\/wp\/v2\/posts\/68054","targetHints":{"allow":["GET"]}}],"collection":[{"href":"https:\/\/elreporterohgo.com\/noticias\/wp-json\/wp\/v2\/posts"}],"about":[{"href":"https:\/\/elreporterohgo.com\/noticias\/wp-json\/wp\/v2\/types\/post"}],"author":[{"embeddable":true,"href":"https:\/\/elreporterohgo.com\/noticias\/wp-json\/wp\/v2\/users\/2"}],"replies":[{"embeddable":true,"href":"https:\/\/elreporterohgo.com\/noticias\/wp-json\/wp\/v2\/comments?post=68054"}],"version-history":[{"count":1,"href":"https:\/\/elreporterohgo.com\/noticias\/wp-json\/wp\/v2\/posts\/68054\/revisions"}],"predecessor-version":[{"id":68056,"href":"https:\/\/elreporterohgo.com\/noticias\/wp-json\/wp\/v2\/posts\/68054\/revisions\/68056"}],"wp:featuredmedia":[{"embeddable":true,"href":"https:\/\/elreporterohgo.com\/noticias\/wp-json\/wp\/v2\/media\/68055"}],"wp:attachment":[{"href":"https:\/\/elreporterohgo.com\/noticias\/wp-json\/wp\/v2\/media?parent=68054"}],"wp:term":[{"taxonomy":"category","embeddable":true,"href":"https:\/\/elreporterohgo.com\/noticias\/wp-json\/wp\/v2\/categories?post=68054"},{"taxonomy":"post_tag","embeddable":true,"href":"https:\/\/elreporterohgo.com\/noticias\/wp-json\/wp\/v2\/tags?post=68054"}],"curies":[{"name":"wp","href":"https:\/\/api.w.org\/{rel}","templated":true}]}}