{"id":66037,"date":"2024-08-20T20:48:29","date_gmt":"2024-08-21T02:48:29","guid":{"rendered":"https:\/\/elreporterohgo.com\/noticias\/?p=66037"},"modified":"2024-08-20T20:48:29","modified_gmt":"2024-08-21T02:48:29","slug":"siembra-saderh-crias-de-peces-en-la-presa-requena","status":"publish","type":"post","link":"https:\/\/elreporterohgo.com\/noticias\/2024\/08\/20\/siembra-saderh-crias-de-peces-en-la-presa-requena\/","title":{"rendered":"Siembra Saderh cr\u00edas de peces en la presa Requena"},"content":{"rendered":"<p>En un esfuerzo por incentivar la actividad acu\u00edcola y pesquera en el estado, esta ma\u00f1ana, la presa Requena recibi\u00f3 la donaci\u00f3n de 500 mil alevines de las especies carpa y tilapia mixta a 60 beneficiarios directos que forman parte de la Sociedad de Pescadores Unidos de la Presa Requena 20 Arcos, S. de S.S.<\/p>\n<p>Dicha entrega fue encabezada por el titular de la Secretar\u00eda de Agricultura y Desarrollo Rural de la entidad (Saderh), Napole\u00f3n Gonz\u00e1lez P\u00e9rez, con la participaci\u00f3n de autoridades estatales, locales y acuicultores de la regi\u00f3n.<\/p>\n<p>La siembra de cr\u00edas de peces, forma parte del programa estatal que busca el repoblamiento de estas especies, a fin de mejorar las condiciones de las presas. En ese sentido, se estima que, tras un periodo de cultivo de 6 a 12 meses, esta producci\u00f3n alcanzar\u00e1 las 322 toneladas en peso vivo de peces de talla comercial, listos tanto para el autoconsumo como para la comercializaci\u00f3n.<\/p>\n<p>Cabe se\u00f1alar que, en lo que va de esta administraci\u00f3n, la Saderh ha entregado en donaci\u00f3n a la Sociedad de Pescadores Unidos de la Presa Requena 20 Arcos un total de 755 mil 500 alevines de carpa y tilapia.<\/p>\n<p>Esta acci\u00f3n es parte del compromiso continuo del gobernador, Julio Menchaca Salazar, con revitalizar las actividades acu\u00edcolas y pesqueras en el municipio, de manera que se obtengan mejores oportunidades econ\u00f3micas, generando as\u00ed un suministro constante de sus recursos. <\/p>\n","protected":false},"excerpt":{"rendered":"<p>En un esfuerzo por incentivar la actividad acu\u00edcola y pesquera en el estado, esta ma\u00f1ana, la presa Requena recibi\u00f3 la donaci\u00f3n de 500 mil alevines de las especies carpa y tilapia mixta a 60 beneficiarios directos que forman parte de la Sociedad de Pescadores Unidos de la Presa Requena 20 Arcos, S. de S.S. Dicha<\/p>\n","protected":false},"author":6,"featured_media":66038,"comment_status":"open","ping_status":"closed","sticky":false,"template":"","format":"standard","meta":{"footnotes":""},"categories":[10,54],"tags":[],"class_list":{"0":"post-66037","1":"post","2":"type-post","3":"status-publish","4":"format-standard","5":"has-post-thumbnail","7":"category-hidalgo","8":"category-lo-ultimo"},"_links":{"self":[{"href":"https:\/\/elreporterohgo.com\/noticias\/wp-json\/wp\/v2\/posts\/66037","targetHints":{"allow":["GET"]}}],"collection":[{"href":"https:\/\/elreporterohgo.com\/noticias\/wp-json\/wp\/v2\/posts"}],"about":[{"href":"https:\/\/elreporterohgo.com\/noticias\/wp-json\/wp\/v2\/types\/post"}],"author":[{"embeddable":true,"href":"https:\/\/elreporterohgo.com\/noticias\/wp-json\/wp\/v2\/users\/6"}],"replies":[{"embeddable":true,"href":"https:\/\/elreporterohgo.com\/noticias\/wp-json\/wp\/v2\/comments?post=66037"}],"version-history":[{"count":1,"href":"https:\/\/elreporterohgo.com\/noticias\/wp-json\/wp\/v2\/posts\/66037\/revisions"}],"predecessor-version":[{"id":66039,"href":"https:\/\/elreporterohgo.com\/noticias\/wp-json\/wp\/v2\/posts\/66037\/revisions\/66039"}],"wp:featuredmedia":[{"embeddable":true,"href":"https:\/\/elreporterohgo.com\/noticias\/wp-json\/wp\/v2\/media\/66038"}],"wp:attachment":[{"href":"https:\/\/elreporterohgo.com\/noticias\/wp-json\/wp\/v2\/media?parent=66037"}],"wp:term":[{"taxonomy":"category","embeddable":true,"href":"https:\/\/elreporterohgo.com\/noticias\/wp-json\/wp\/v2\/categories?post=66037"},{"taxonomy":"post_tag","embeddable":true,"href":"https:\/\/elreporterohgo.com\/noticias\/wp-json\/wp\/v2\/tags?post=66037"}],"curies":[{"name":"wp","href":"https:\/\/api.w.org\/{rel}","templated":true}]}}