{"id":65714,"date":"2024-08-08T20:02:42","date_gmt":"2024-08-09T02:02:42","guid":{"rendered":"https:\/\/elreporterohgo.com\/noticias\/?p=65714"},"modified":"2024-08-08T20:53:52","modified_gmt":"2024-08-09T02:53:52","slug":"nuevos-magistrados-del-tribunal-superior-de-justicia-y-del-tribunal-de-justicia-administrativa","status":"publish","type":"post","link":"https:\/\/elreporterohgo.com\/noticias\/2024\/08\/08\/nuevos-magistrados-del-tribunal-superior-de-justicia-y-del-tribunal-de-justicia-administrativa\/","title":{"rendered":"Nuevos magistrados del Tribunal Superior de Justicia y del Tribunal de Justicia Administrativa."},"content":{"rendered":"<p><span style=\"font-weight: 400;\">Nueva encomienda para Jos\u00e9 Ram\u00f3n Amieva G\u00e1lvez<\/span><br \/>\n<span style=\"font-weight: 400;\">PACHUCA, Hgo. &#8211; En sesi\u00f3n extraordinaria se aprobaron los nombramientos de las magistraturas del Tribunal Superior de Justicia y del Tribunal de Justicia Administrativa del Estado de Hidalgo, donde rindieron protesta como titulares de las magistraturas del Tribunal Superior de Justicia del Estado de Hidalgo Delfino Leopoldo Santos D\u00edaz y Marisol L\u00f3pez Barrera.<\/span><\/p>\n<p><span style=\"font-weight: 400;\">Tambi\u00e9n las diputadas y diputados avalaron el dictamen relativo al nombramiento de titulares de las Magistraturas del Tribunal de Justicia Administrativa del Estado de Hidalgo, tomando protesta Jos\u00e9 Ram\u00f3n Amieva G\u00e1lvez, Ana Gabriela Ortiz Pacheco, Jaqueline Vel\u00e1zquez Ram\u00edrez, Oscar Hernando Barrones Castillo.\u00a0<\/span><\/p>\n<p><span style=\"font-weight: 400;\">En otro punto de la sesi\u00f3n, los representantes populares exhortaron a la Secretar\u00eda de Infraestructura P\u00fablica y Desarrollo Urbano Sostenible y a los 84 ayuntamientos de la entidad a fin de que implementen y den mantenimiento a los sem\u00e1foros que m\u00e1s lo requieren en el estado.<\/span><\/p>\n<p><span style=\"font-weight: 400;\">Finalmente se exhort\u00f3 a la Secretar\u00eda de Infraestructura P\u00fablica y Desarrollo Urbano Sostenible para que brinde mantenimiento a los tramos carreteros de la regi\u00f3n del Valle del Mezquital del Estado de Hidalgo.<\/span><\/p>\n<p><a href=\"https:\/\/elreporterohgo.com\/noticias\/wp-content\/uploads\/2024\/08\/xxxxxx23456.jpg\"><img fetchpriority=\"high\" decoding=\"async\" class=\"alignnone size-medium wp-image-65717\" src=\"https:\/\/elreporterohgo.com\/noticias\/wp-content\/uploads\/2024\/08\/xxxxxx23456-300x200.jpg\" alt=\"\" width=\"300\" height=\"200\" srcset=\"https:\/\/elreporterohgo.com\/noticias\/wp-content\/uploads\/2024\/08\/xxxxxx23456-300x200.jpg 300w, https:\/\/elreporterohgo.com\/noticias\/wp-content\/uploads\/2024\/08\/xxxxxx23456-1024x683.jpg 1024w, https:\/\/elreporterohgo.com\/noticias\/wp-content\/uploads\/2024\/08\/xxxxxx23456-768x512.jpg 768w, https:\/\/elreporterohgo.com\/noticias\/wp-content\/uploads\/2024\/08\/xxxxxx23456-1536x1024.jpg 1536w, https:\/\/elreporterohgo.com\/noticias\/wp-content\/uploads\/2024\/08\/xxxxxx23456-150x100.jpg 150w, https:\/\/elreporterohgo.com\/noticias\/wp-content\/uploads\/2024\/08\/xxxxxx23456-600x400.jpg 600w, https:\/\/elreporterohgo.com\/noticias\/wp-content\/uploads\/2024\/08\/xxxxxx23456-696x464.jpg 696w, https:\/\/elreporterohgo.com\/noticias\/wp-content\/uploads\/2024\/08\/xxxxxx23456-1392x928.jpg 1392w, https:\/\/elreporterohgo.com\/noticias\/wp-content\/uploads\/2024\/08\/xxxxxx23456-1068x712.jpg 1068w, https:\/\/elreporterohgo.com\/noticias\/wp-content\/uploads\/2024\/08\/xxxxxx23456-630x420.jpg 630w, https:\/\/elreporterohgo.com\/noticias\/wp-content\/uploads\/2024\/08\/xxxxxx23456-1260x840.jpg 1260w, https:\/\/elreporterohgo.com\/noticias\/wp-content\/uploads\/2024\/08\/xxxxxx23456.jpg 1920w\" sizes=\"(max-width: 300px) 100vw, 300px\" \/><\/a><\/p>\n<p>&nbsp;<\/p>\n","protected":false},"excerpt":{"rendered":"<p>Nueva encomienda para Jos\u00e9 Ram\u00f3n Amieva G\u00e1lvez PACHUCA, Hgo. &#8211; En sesi\u00f3n extraordinaria se aprobaron los nombramientos de las magistraturas del Tribunal Superior de Justicia y del Tribunal de Justicia Administrativa del Estado de Hidalgo, donde rindieron protesta como titulares de las magistraturas del Tribunal Superior de Justicia del Estado de Hidalgo Delfino Leopoldo Santos<\/p>\n","protected":false},"author":2,"featured_media":65715,"comment_status":"open","ping_status":"closed","sticky":false,"template":"","format":"standard","meta":{"footnotes":""},"categories":[10,54],"tags":[],"class_list":{"0":"post-65714","1":"post","2":"type-post","3":"status-publish","4":"format-standard","5":"has-post-thumbnail","7":"category-hidalgo","8":"category-lo-ultimo"},"_links":{"self":[{"href":"https:\/\/elreporterohgo.com\/noticias\/wp-json\/wp\/v2\/posts\/65714","targetHints":{"allow":["GET"]}}],"collection":[{"href":"https:\/\/elreporterohgo.com\/noticias\/wp-json\/wp\/v2\/posts"}],"about":[{"href":"https:\/\/elreporterohgo.com\/noticias\/wp-json\/wp\/v2\/types\/post"}],"author":[{"embeddable":true,"href":"https:\/\/elreporterohgo.com\/noticias\/wp-json\/wp\/v2\/users\/2"}],"replies":[{"embeddable":true,"href":"https:\/\/elreporterohgo.com\/noticias\/wp-json\/wp\/v2\/comments?post=65714"}],"version-history":[{"count":4,"href":"https:\/\/elreporterohgo.com\/noticias\/wp-json\/wp\/v2\/posts\/65714\/revisions"}],"predecessor-version":[{"id":65724,"href":"https:\/\/elreporterohgo.com\/noticias\/wp-json\/wp\/v2\/posts\/65714\/revisions\/65724"}],"wp:featuredmedia":[{"embeddable":true,"href":"https:\/\/elreporterohgo.com\/noticias\/wp-json\/wp\/v2\/media\/65715"}],"wp:attachment":[{"href":"https:\/\/elreporterohgo.com\/noticias\/wp-json\/wp\/v2\/media?parent=65714"}],"wp:term":[{"taxonomy":"category","embeddable":true,"href":"https:\/\/elreporterohgo.com\/noticias\/wp-json\/wp\/v2\/categories?post=65714"},{"taxonomy":"post_tag","embeddable":true,"href":"https:\/\/elreporterohgo.com\/noticias\/wp-json\/wp\/v2\/tags?post=65714"}],"curies":[{"name":"wp","href":"https:\/\/api.w.org\/{rel}","templated":true}]}}