{"id":65542,"date":"2024-08-01T23:41:47","date_gmt":"2024-08-02T05:41:47","guid":{"rendered":"https:\/\/elreporterohgo.com\/noticias\/?p=65542"},"modified":"2024-08-01T23:41:47","modified_gmt":"2024-08-02T05:41:47","slug":"caasim-amplia-red-hidraulica-en-la-capital-hidalguense","status":"publish","type":"post","link":"https:\/\/elreporterohgo.com\/noticias\/2024\/08\/01\/caasim-amplia-red-hidraulica-en-la-capital-hidalguense\/","title":{"rendered":"Caasim ampl\u00eda red hidr\u00e1ulica en la capital hidalguense"},"content":{"rendered":"<p>&nbsp;<\/p>\n<ul>\n<li aria-level=\"1\"><i><span style=\"font-weight: 400;\">Maniobras, tendr\u00e1n un lapso estimado de 2 d\u00edas<\/span><\/i><\/li>\n<\/ul>\n<p><span style=\"font-weight: 400;\">PACHUCA, Hgo. &#8211; Con la finalidad de dar respuesta a la demanda ciudadana de mejorar e incrementar el acceso y calidad de los servicios de agua potable para la poblaci\u00f3n de la Zona Metropolitana de Hidalgo, iniciaron los trabajos de ampliaci\u00f3n de la red hidr\u00e1ulica en la colonia San Pedro Nopancalco.\u00a0<\/span><\/p>\n<p><span style=\"font-weight: 400;\">Brigadas operativas de la Comisi\u00f3n de Agua y Alcantarillado de Sistemas Intermunicipales (Caasim), organismo encabezado por Juan Evel Ch\u00e1vez Trovamala, comenzaron la extensi\u00f3n de la red hidr\u00e1ulica en la calle 2 de septiembre.<\/span><\/p>\n<p><span style=\"font-weight: 400;\">Se instalar\u00e1n 150 metros de tuber\u00eda de 3 pulgadas de material PVC a la l\u00ednea de agua ya existente, lo que permitir\u00e1 llevar el vital l\u00edquido a m\u00e1s usuarios de la zona.\u00a0<\/span><\/p>\n<p><span style=\"font-weight: 400;\">Dichas maniobras, tendr\u00e1n un lapso estimado de 2 d\u00edas y se proceder\u00e1 a la contrataci\u00f3n e instalaci\u00f3n de las tomas para recibir el vital l\u00edquido.\u00a0<\/span><\/p>\n<p><span style=\"font-weight: 400;\">Con acciones como estas, las autoridades de la Caasim reafirman el compromiso de la administraci\u00f3n del gobernador Julio Menchaca Salazar para llevar agua a todas las familias hidalguenses.<\/span><\/p>\n<p>&nbsp;<\/p>\n<p><span style=\"font-weight: 400;\">\u00a0<\/span><\/p>\n","protected":false},"excerpt":{"rendered":"<p>&nbsp; Maniobras, tendr\u00e1n un lapso estimado de 2 d\u00edas PACHUCA, Hgo. &#8211; Con la finalidad de dar respuesta a la demanda ciudadana de mejorar e incrementar el acceso y calidad de los servicios de agua potable para la poblaci\u00f3n de la Zona Metropolitana de Hidalgo, iniciaron los trabajos de ampliaci\u00f3n de la red hidr\u00e1ulica en<\/p>\n","protected":false},"author":2,"featured_media":65543,"comment_status":"open","ping_status":"closed","sticky":false,"template":"","format":"standard","meta":{"footnotes":""},"categories":[10,54],"tags":[],"class_list":{"0":"post-65542","1":"post","2":"type-post","3":"status-publish","4":"format-standard","5":"has-post-thumbnail","7":"category-hidalgo","8":"category-lo-ultimo"},"_links":{"self":[{"href":"https:\/\/elreporterohgo.com\/noticias\/wp-json\/wp\/v2\/posts\/65542","targetHints":{"allow":["GET"]}}],"collection":[{"href":"https:\/\/elreporterohgo.com\/noticias\/wp-json\/wp\/v2\/posts"}],"about":[{"href":"https:\/\/elreporterohgo.com\/noticias\/wp-json\/wp\/v2\/types\/post"}],"author":[{"embeddable":true,"href":"https:\/\/elreporterohgo.com\/noticias\/wp-json\/wp\/v2\/users\/2"}],"replies":[{"embeddable":true,"href":"https:\/\/elreporterohgo.com\/noticias\/wp-json\/wp\/v2\/comments?post=65542"}],"version-history":[{"count":2,"href":"https:\/\/elreporterohgo.com\/noticias\/wp-json\/wp\/v2\/posts\/65542\/revisions"}],"predecessor-version":[{"id":65545,"href":"https:\/\/elreporterohgo.com\/noticias\/wp-json\/wp\/v2\/posts\/65542\/revisions\/65545"}],"wp:featuredmedia":[{"embeddable":true,"href":"https:\/\/elreporterohgo.com\/noticias\/wp-json\/wp\/v2\/media\/65543"}],"wp:attachment":[{"href":"https:\/\/elreporterohgo.com\/noticias\/wp-json\/wp\/v2\/media?parent=65542"}],"wp:term":[{"taxonomy":"category","embeddable":true,"href":"https:\/\/elreporterohgo.com\/noticias\/wp-json\/wp\/v2\/categories?post=65542"},{"taxonomy":"post_tag","embeddable":true,"href":"https:\/\/elreporterohgo.com\/noticias\/wp-json\/wp\/v2\/tags?post=65542"}],"curies":[{"name":"wp","href":"https:\/\/api.w.org\/{rel}","templated":true}]}}