{"id":64951,"date":"2024-06-23T23:00:37","date_gmt":"2024-06-24T05:00:37","guid":{"rendered":"https:\/\/elreporterohgo.com\/noticias\/?p=64951"},"modified":"2024-06-23T23:00:37","modified_gmt":"2024-06-24T05:00:37","slug":"especialistas-recorren-geositios-del-geoparque-mundial-de-la-unesco-comarca-minera","status":"publish","type":"post","link":"https:\/\/elreporterohgo.com\/noticias\/2024\/06\/23\/especialistas-recorren-geositios-del-geoparque-mundial-de-la-unesco-comarca-minera\/","title":{"rendered":"Especialistas recorren geositios del Geoparque Mundial  de la Unesco Comarca Minera"},"content":{"rendered":"<p>Como parte de las actividades del proceso de evaluaci\u00f3n del Geoparque Mundial Comarca Minera, especialistas de la Red Global de Geoparques de la Organizaci\u00f3n de las Naciones Unidas para la Educaci\u00f3n, la Ciencia y la Cultura (Unesco) y acad\u00e9micos de la Universidad Nacional Aut\u00f3noma de M\u00e9xico (UNAM), se reunieron en la Secretar\u00eda de Turismo del Estado de Hidalgo (Secturh).<\/p>\n<p>Durante la tercera jornada de recorrido por los municipios hidalguenses que conforman este territorio, un grupo de especialistas se present\u00f3 con la titular de la dependencia, Elizabeth Quintanar G\u00f3mez, como parte de su encuentro con el equipo que desarrolla el proyecto tur\u00edstico en el Geoparque Comarca Minera. <\/p>\n<p>Allysson Pontes Pinheiro del Geoparque Mundial Araripe en Brasil y Javier L\u00f3pez Caballero del Geoparque Mundial Villuercas-Ibores-Jara en Espa\u00f1a, as\u00ed como Juan Carlos Mora, investigador del Instituto de Geof\u00edsica de la UNAM y responsable cient\u00edfico de la Comarca Minera, junto a Mar\u00eda Carmen Oviedo Parra, gerente del Geoparque, compartieron su experiencia sobre el recorrido qu\u00e9 efectuaron por los geositios hidalguenses.<\/p>\n<p>Quintanar G\u00f3mez present\u00f3 los avances realizados desde 2020, destacando los proyectos de difusi\u00f3n y conservaci\u00f3n de los geositios con perfil tur\u00edstico, \u00aby ha sido un trabajo arduo que para el gobernador Julio Menchaca Salazar le ocupa mucho, porque sabemos la importancia que tiene para el estado contar con un Geoparque y lo que se necesita trabajar para conservarlo\u00bb, indic\u00f3.<\/p>\n<p>\u00abEl gobierno del estado de Hidalgo realiza un esfuerzo significativo para crear estrategias en todos los ejes que permitan la preservaci\u00f3n del Geoparque en cada uno de sus puntos\u00bb, indic\u00f3 la funcionaria acerca de la implementaci\u00f3n de programas de educaci\u00f3n ambiental y el fortalecimiento de la infraestructura tur\u00edstica sostenible, as\u00ed como la participaci\u00f3n comunitaria en la conservaci\u00f3n del patrimonio natural y cultural.<\/p>\n<p>La visita de estos especialistas y su evaluaci\u00f3n positiva refuerzan el compromiso del Geoparque Mundial de la Unesco Comarca Minera y la Secturh, enfoc\u00e1ndose en el desarrollo de proyectos a favor de la difusi\u00f3n y conservaci\u00f3n de los geositios con perfil tur\u00edstico.<\/p>\n","protected":false},"excerpt":{"rendered":"<p>Como parte de las actividades del proceso de evaluaci\u00f3n del Geoparque Mundial Comarca Minera, especialistas de la Red Global de Geoparques de la Organizaci\u00f3n de las Naciones Unidas para la Educaci\u00f3n, la Ciencia y la Cultura (Unesco) y acad\u00e9micos de la Universidad Nacional Aut\u00f3noma de M\u00e9xico (UNAM), se reunieron en la Secretar\u00eda de Turismo del<\/p>\n","protected":false},"author":6,"featured_media":64953,"comment_status":"open","ping_status":"closed","sticky":false,"template":"","format":"standard","meta":{"footnotes":""},"categories":[4,10,54],"tags":[],"class_list":{"0":"post-64951","1":"post","2":"type-post","3":"status-publish","4":"format-standard","5":"has-post-thumbnail","7":"category-cultura","8":"category-hidalgo","9":"category-lo-ultimo"},"_links":{"self":[{"href":"https:\/\/elreporterohgo.com\/noticias\/wp-json\/wp\/v2\/posts\/64951","targetHints":{"allow":["GET"]}}],"collection":[{"href":"https:\/\/elreporterohgo.com\/noticias\/wp-json\/wp\/v2\/posts"}],"about":[{"href":"https:\/\/elreporterohgo.com\/noticias\/wp-json\/wp\/v2\/types\/post"}],"author":[{"embeddable":true,"href":"https:\/\/elreporterohgo.com\/noticias\/wp-json\/wp\/v2\/users\/6"}],"replies":[{"embeddable":true,"href":"https:\/\/elreporterohgo.com\/noticias\/wp-json\/wp\/v2\/comments?post=64951"}],"version-history":[{"count":1,"href":"https:\/\/elreporterohgo.com\/noticias\/wp-json\/wp\/v2\/posts\/64951\/revisions"}],"predecessor-version":[{"id":64954,"href":"https:\/\/elreporterohgo.com\/noticias\/wp-json\/wp\/v2\/posts\/64951\/revisions\/64954"}],"wp:featuredmedia":[{"embeddable":true,"href":"https:\/\/elreporterohgo.com\/noticias\/wp-json\/wp\/v2\/media\/64953"}],"wp:attachment":[{"href":"https:\/\/elreporterohgo.com\/noticias\/wp-json\/wp\/v2\/media?parent=64951"}],"wp:term":[{"taxonomy":"category","embeddable":true,"href":"https:\/\/elreporterohgo.com\/noticias\/wp-json\/wp\/v2\/categories?post=64951"},{"taxonomy":"post_tag","embeddable":true,"href":"https:\/\/elreporterohgo.com\/noticias\/wp-json\/wp\/v2\/tags?post=64951"}],"curies":[{"name":"wp","href":"https:\/\/api.w.org\/{rel}","templated":true}]}}