{"id":64686,"date":"2024-06-10T07:32:03","date_gmt":"2024-06-10T13:32:03","guid":{"rendered":"https:\/\/elreporterohgo.com\/noticias\/?p=64686"},"modified":"2024-06-10T07:32:03","modified_gmt":"2024-06-10T13:32:03","slug":"dif-hidalgo-se-suma-a-la-encuesta-nacional-me-escuchas-2024","status":"publish","type":"post","link":"https:\/\/elreporterohgo.com\/noticias\/2024\/06\/10\/dif-hidalgo-se-suma-a-la-encuesta-nacional-me-escuchas-2024\/","title":{"rendered":"DIF Hidalgo se suma a la Encuesta Nacional \u00bfMe Escuchas? 2024"},"content":{"rendered":"<p>M\u00e1s de 300 ni\u00f1as, ni\u00f1os y adolescentes acudieron al Centro de Expresi\u00f3n Juvenil para participar en este primer d\u00eda de actividades<\/p>\n<p>En conjunto con la SEPH se espera dar voz a m\u00e1s de 80 mil menores<\/p>\n<p>El Sistema DIF Hidalgo, coordinado por Edda Vite, se uni\u00f3 al arranque de la Consulta Nacional \u201c\u00bfMe Escuchas? 2024\u201d, que se lleva a cabo en el Centro de Expresi\u00f3n Juvenil \u201cCasa de la y los Adolescentes\u201d (CEJUH), donde cerca de 300 ni\u00f1as, ni\u00f1os y adolescentes acudieron, junto a sus familiares, a ser part\u00edcipes de este importante ejercicio democr\u00e1tico. <\/p>\n<p>En un primer momento, el corte de list\u00f3n inaugural fue encabezado por peque\u00f1os de los Centros de Atenci\u00f3n Infantil (CAI), Programa PILARES, el CEJUH, de la Subdirecci\u00f3n de Desarrollo de Habilidades en NNyA  y de la sociedad civil, quienes contaron con el acompa\u00f1amiento del titular del organismo, Ricardo Alvizo Contreras.<\/p>\n<p>El servidor p\u00fablico a su vez manifest\u00f3 la importancia de tomar en cuenta las opiniones e ideas de la ni\u00f1ez y adolescencia para generar pol\u00edticas p\u00fablicas en favor de estos grupos:<\/p>\n<p>\u201cEl que los ni\u00f1os emitan una opini\u00f3n es fundamental para nosotros, porque podemos identificar lo que m\u00e1s les preocupa, esos datos a nivel nacional se van a valorar, pero sobre todo a nivel estatal nos puede dar un par\u00e1metro para que nosotros podamos establecer una pol\u00edtica p\u00fablica que vaya encaminada directamente hacia lo que los ni\u00f1os est\u00e1n solicitando\u201d.<\/p>\n<p>En ese contexto Erika Estrella, adolescente de 13 a\u00f1os, subray\u00f3 la importancia de que la juventud hidalguense se sume a estos esfuerzos ya que considera que es un espacio para que sus ideas, al ser escuchadas puedan tener impacto en sus comunidades y entornos.<br \/>\n\u201cEs muy importante para que todas las ni\u00f1as y ni\u00f1os puedan dar su opini\u00f3n sobre las cosas y podamos tener una mejor comunidad en la ciudad\u201d. <\/p>\n<p>La actividad, que se desarrolla bajo el lema \u201cNuestra Opini\u00f3n Suma a la Acci\u00f3n\u201d cuenta con dos formatos principales: f\u00edsico y digital. Adem\u00e1s de disponer una modalidad de dibujo para las infancias entre 3 y 6 a\u00f1os, un cuestionario para el grupo etario de 6 a 17 a\u00f1os, as\u00ed como 137 facilitadores capacitados desde el pasado mes de mayo con la finalidad de orientar a la ni\u00f1ez de una manera emp\u00e1tica e incluyente.<br \/>\nPara la presidenta del Patronato del Sistema DIF Hidalgo, Edda Vite, es fundamental abrir espacios para este sector, y que puedan formar parte de la transformaci\u00f3n de la entidad, por tanto su voz se traducir\u00e1 en acciones en pro de un porvenir brillante y lleno de oportunidades.<\/p>\n","protected":false},"excerpt":{"rendered":"<p>M\u00e1s de 300 ni\u00f1as, ni\u00f1os y adolescentes acudieron al Centro de Expresi\u00f3n Juvenil para participar en este primer d\u00eda de actividades En conjunto con la SEPH se espera dar voz a m\u00e1s de 80 mil menores El Sistema DIF Hidalgo, coordinado por Edda Vite, se uni\u00f3 al arranque de la Consulta Nacional \u201c\u00bfMe Escuchas? 2024\u201d,<\/p>\n","protected":false},"author":6,"featured_media":64687,"comment_status":"open","ping_status":"closed","sticky":false,"template":"","format":"standard","meta":{"footnotes":""},"categories":[10,54,8],"tags":[],"class_list":{"0":"post-64686","1":"post","2":"type-post","3":"status-publish","4":"format-standard","5":"has-post-thumbnail","7":"category-hidalgo","8":"category-lo-ultimo","9":"category-nacional"},"_links":{"self":[{"href":"https:\/\/elreporterohgo.com\/noticias\/wp-json\/wp\/v2\/posts\/64686","targetHints":{"allow":["GET"]}}],"collection":[{"href":"https:\/\/elreporterohgo.com\/noticias\/wp-json\/wp\/v2\/posts"}],"about":[{"href":"https:\/\/elreporterohgo.com\/noticias\/wp-json\/wp\/v2\/types\/post"}],"author":[{"embeddable":true,"href":"https:\/\/elreporterohgo.com\/noticias\/wp-json\/wp\/v2\/users\/6"}],"replies":[{"embeddable":true,"href":"https:\/\/elreporterohgo.com\/noticias\/wp-json\/wp\/v2\/comments?post=64686"}],"version-history":[{"count":1,"href":"https:\/\/elreporterohgo.com\/noticias\/wp-json\/wp\/v2\/posts\/64686\/revisions"}],"predecessor-version":[{"id":64688,"href":"https:\/\/elreporterohgo.com\/noticias\/wp-json\/wp\/v2\/posts\/64686\/revisions\/64688"}],"wp:featuredmedia":[{"embeddable":true,"href":"https:\/\/elreporterohgo.com\/noticias\/wp-json\/wp\/v2\/media\/64687"}],"wp:attachment":[{"href":"https:\/\/elreporterohgo.com\/noticias\/wp-json\/wp\/v2\/media?parent=64686"}],"wp:term":[{"taxonomy":"category","embeddable":true,"href":"https:\/\/elreporterohgo.com\/noticias\/wp-json\/wp\/v2\/categories?post=64686"},{"taxonomy":"post_tag","embeddable":true,"href":"https:\/\/elreporterohgo.com\/noticias\/wp-json\/wp\/v2\/tags?post=64686"}],"curies":[{"name":"wp","href":"https:\/\/api.w.org\/{rel}","templated":true}]}}