{"id":64654,"date":"2024-06-07T22:28:39","date_gmt":"2024-06-08T04:28:39","guid":{"rendered":"https:\/\/elreporterohgo.com\/noticias\/?p=64654"},"modified":"2024-06-07T22:28:39","modified_gmt":"2024-06-08T04:28:39","slug":"alerta-la-ssh-sobre-riesgos-en-adultos-mayores-por-altas-temperaturas","status":"publish","type":"post","link":"https:\/\/elreporterohgo.com\/noticias\/2024\/06\/07\/alerta-la-ssh-sobre-riesgos-en-adultos-mayores-por-altas-temperaturas\/","title":{"rendered":"Alerta la SSH sobre riesgos en adultos mayores por altas temperaturas"},"content":{"rendered":"<p>Durante la temporada de calor, comprendida entre los meses de marzo a septiembre, se incrementan los riesgos de deshidrataci\u00f3n entre la poblaci\u00f3n en general, aunque son las personas adultas mayores quienes son uno de los grupos de mayor riesgo.<\/p>\n<p>En el estado, de acuerdo a los reportes emitidos, del 17 de marzo al 21 de mayo, el 46.2 por ciento (%) de las atenciones por deshidrataci\u00f3n y golpe de calor han ocurrido en personas de 60 a\u00f1os y m\u00e1s.<\/p>\n<p>Principalmente, han presentado enfermedades diarreicas y aquellas producidas por la exposici\u00f3n excesiva al calor ambiental, como son insolaci\u00f3n, desmayos, lesiones en la piel, calambres y golpe de calor.<\/p>\n<p>Es por ello que la Secretar\u00eda de Salud de Hidalgo (SSH) invita a la poblaci\u00f3n a fortalecer la prevenci\u00f3n y cuidados ante los aumentos de las temperaturas, producto de las olas de calor que afectan a todo el territorio nacional.<\/p>\n<p>Adem\u00e1s de adultos mayores, quienes padecen enfermedades cr\u00f3nicas, reci\u00e9n nacidos, menores de 5 a\u00f1os, mujeres embarazadas, quienes trabajan o asisten a eventos al aire libre, deportistas, personas con discapacidad y las que no tienen hogar, especialmente en zonas urbanas, pueden sufrir efectos como agotamiento o insolaci\u00f3n.<\/p>\n<p>Por las altas temperaturas tambi\u00e9n se agravan afecciones como enfermedades cardiovasculares, respiratorias y renales, as\u00ed como problemas de salud mental, sobre todo si se carece de acceso a espacios adecuados para protegerse del sol, no se tiene una hidrataci\u00f3n adecuada o no se recibe atenci\u00f3n m\u00e9dica oportuna.<\/p>\n<p>Ante el intenso calor, el cuerpo inicia un proceso biol\u00f3gico para intentar enfriarse, cuando se ve desbordado en su capacidad, deriva en un golpe de calor o en alg\u00fan otro padecimiento como los anteriormente mencionados.<\/p>\n<p>El golpe de calor es una emergencia m\u00e9dica que requiere r\u00e1pida atenci\u00f3n para prevenir y\/o atender una cascada de fallas org\u00e1nicas que pueden provocar la muerte. Las hospitalizaciones y defunciones por este motivo se producen extremadamente r\u00e1pido. Sus principales s\u00edntomas son: dolor de cabeza, confusi\u00f3n, n\u00e1useas, sudoraci\u00f3n excesiva, mareos pulso r\u00e1pido, piel seca y caliente, desmayo e incluso se pueden presentar convulsiones.<\/p>\n<p>Las recomendaciones para evitar el calor extremo, con especial \u00e9nfasis en adultos mayores y dem\u00e1s grupos de riesgo son:<\/p>\n<p>Evitar exposici\u00f3n prolongada a los rayos del sol, entre las 11 y 16 horas.<br \/>\nSi se realiza ejercicio al aire libre, hacerlo a primeras horas del d\u00eda o despu\u00e9s de ponerse el sol.<br \/>\nUtilizar ropa ligera, c\u00f3moda y de colores claros.<br \/>\nAl salir a la calle, usar gorra o sombrero, lentes de sol, sombrilla y protector solar.<br \/>\nMantenerse en lugares frescos o a la sombra.<br \/>\nHidratarse constantemente: beber aproximadamente un vaso de agua embotellada, hervida o desinfectada cada hora y de 2 a 3 litros al d\u00eda.<br \/>\nDe ser necesario, m\u00f3jese la piel con un pa\u00f1o h\u00famedo.<br \/>\nSi es posible, hacer uso de ventiladores para ayudar a refrescar la temperatura ambiental.<br \/>\nEn la v\u00eda p\u00fablica, caminar a la sombra.<br \/>\nConsumir alimentos ricos en vitaminas y minerales, ya que estos se pierden al sudar y son primordiales en el funcionamiento del sistema muscular y vascular.<br \/>\nVentilar el autom\u00f3vil antes de subirse.<br \/>\nAcudir a recibir atenci\u00f3n m\u00e9dica si presentan s\u00edntomas de alarma.<br \/>\nVigilar constantemente a las personas mayores, con la edad se reduce la fuerza muscular, la sudoraci\u00f3n, los niveles de hidrataci\u00f3n, la sensibilidad t\u00e9rmica, por lo que disminuye la capacidad de detectar y responder a los cambios de temperatura.<\/p>\n","protected":false},"excerpt":{"rendered":"<p>Durante la temporada de calor, comprendida entre los meses de marzo a septiembre, se incrementan los riesgos de deshidrataci\u00f3n entre la poblaci\u00f3n en general, aunque son las personas adultas mayores quienes son uno de los grupos de mayor riesgo. En el estado, de acuerdo a los reportes emitidos, del 17 de marzo al 21 de<\/p>\n","protected":false},"author":6,"featured_media":64655,"comment_status":"open","ping_status":"closed","sticky":false,"template":"","format":"standard","meta":{"footnotes":""},"categories":[10,54,8],"tags":[],"class_list":{"0":"post-64654","1":"post","2":"type-post","3":"status-publish","4":"format-standard","5":"has-post-thumbnail","7":"category-hidalgo","8":"category-lo-ultimo","9":"category-nacional"},"_links":{"self":[{"href":"https:\/\/elreporterohgo.com\/noticias\/wp-json\/wp\/v2\/posts\/64654","targetHints":{"allow":["GET"]}}],"collection":[{"href":"https:\/\/elreporterohgo.com\/noticias\/wp-json\/wp\/v2\/posts"}],"about":[{"href":"https:\/\/elreporterohgo.com\/noticias\/wp-json\/wp\/v2\/types\/post"}],"author":[{"embeddable":true,"href":"https:\/\/elreporterohgo.com\/noticias\/wp-json\/wp\/v2\/users\/6"}],"replies":[{"embeddable":true,"href":"https:\/\/elreporterohgo.com\/noticias\/wp-json\/wp\/v2\/comments?post=64654"}],"version-history":[{"count":1,"href":"https:\/\/elreporterohgo.com\/noticias\/wp-json\/wp\/v2\/posts\/64654\/revisions"}],"predecessor-version":[{"id":64656,"href":"https:\/\/elreporterohgo.com\/noticias\/wp-json\/wp\/v2\/posts\/64654\/revisions\/64656"}],"wp:featuredmedia":[{"embeddable":true,"href":"https:\/\/elreporterohgo.com\/noticias\/wp-json\/wp\/v2\/media\/64655"}],"wp:attachment":[{"href":"https:\/\/elreporterohgo.com\/noticias\/wp-json\/wp\/v2\/media?parent=64654"}],"wp:term":[{"taxonomy":"category","embeddable":true,"href":"https:\/\/elreporterohgo.com\/noticias\/wp-json\/wp\/v2\/categories?post=64654"},{"taxonomy":"post_tag","embeddable":true,"href":"https:\/\/elreporterohgo.com\/noticias\/wp-json\/wp\/v2\/tags?post=64654"}],"curies":[{"name":"wp","href":"https:\/\/api.w.org\/{rel}","templated":true}]}}