{"id":64633,"date":"2024-06-06T18:57:45","date_gmt":"2024-06-07T00:57:45","guid":{"rendered":"https:\/\/elreporterohgo.com\/noticias\/?p=64633"},"modified":"2024-06-06T18:57:45","modified_gmt":"2024-06-07T00:57:45","slug":"invitan-a-participar-en-taller-de-danza-regional","status":"publish","type":"post","link":"https:\/\/elreporterohgo.com\/noticias\/2024\/06\/06\/invitan-a-participar-en-taller-de-danza-regional\/","title":{"rendered":"Invitan a participar en taller de Danza Regional"},"content":{"rendered":"<p>&nbsp;<\/p>\n<p>Las inscripciones est\u00e1n abiertas<\/p>\n<p>Por Gerardo Sol<\/p>\n<p>TEPEAPULCO, Hgo. \u2013 Est\u00e1n abiertas las inscripciones para participar en el taller de danza regional que se imparte en la casa de la cultura de esta ciudad.<\/p>\n<p>\u00a1Siente el ritmo de nuestra tierra en el taller de danza regional en Casa de Cultura Tepeapulco! Aprende los pasos aut\u00e9nticos que hacen vibrar nuestras tradiciones.<\/p>\n<p>Pueden participar personas de 10 a\u00f1os en adelante, las clases son lunes, mi\u00e9rcoles y viernes en horarios de 17 a 19 horas, con una cuota de recuperaci\u00f3n de cien pesos semanales por persona.<\/p>\n<p>La invitaci\u00f3n est\u00e1 abierta para que participen hombres y mujeres<\/p>\n<p>\u00a1Juntos es M\u00e1s F\u00e1cil!<\/p>\n","protected":false},"excerpt":{"rendered":"<p>&nbsp; Las inscripciones est\u00e1n abiertas Por Gerardo Sol TEPEAPULCO, Hgo. \u2013 Est\u00e1n abiertas las inscripciones para participar en el taller de danza regional que se imparte en la casa de la cultura de esta ciudad. \u00a1Siente el ritmo de nuestra tierra en el taller de danza regional en Casa de Cultura Tepeapulco! Aprende los pasos<\/p>\n","protected":false},"author":2,"featured_media":64634,"comment_status":"open","ping_status":"closed","sticky":false,"template":"","format":"standard","meta":{"footnotes":""},"categories":[10,54],"tags":[],"class_list":{"0":"post-64633","1":"post","2":"type-post","3":"status-publish","4":"format-standard","5":"has-post-thumbnail","7":"category-hidalgo","8":"category-lo-ultimo"},"_links":{"self":[{"href":"https:\/\/elreporterohgo.com\/noticias\/wp-json\/wp\/v2\/posts\/64633","targetHints":{"allow":["GET"]}}],"collection":[{"href":"https:\/\/elreporterohgo.com\/noticias\/wp-json\/wp\/v2\/posts"}],"about":[{"href":"https:\/\/elreporterohgo.com\/noticias\/wp-json\/wp\/v2\/types\/post"}],"author":[{"embeddable":true,"href":"https:\/\/elreporterohgo.com\/noticias\/wp-json\/wp\/v2\/users\/2"}],"replies":[{"embeddable":true,"href":"https:\/\/elreporterohgo.com\/noticias\/wp-json\/wp\/v2\/comments?post=64633"}],"version-history":[{"count":1,"href":"https:\/\/elreporterohgo.com\/noticias\/wp-json\/wp\/v2\/posts\/64633\/revisions"}],"predecessor-version":[{"id":64635,"href":"https:\/\/elreporterohgo.com\/noticias\/wp-json\/wp\/v2\/posts\/64633\/revisions\/64635"}],"wp:featuredmedia":[{"embeddable":true,"href":"https:\/\/elreporterohgo.com\/noticias\/wp-json\/wp\/v2\/media\/64634"}],"wp:attachment":[{"href":"https:\/\/elreporterohgo.com\/noticias\/wp-json\/wp\/v2\/media?parent=64633"}],"wp:term":[{"taxonomy":"category","embeddable":true,"href":"https:\/\/elreporterohgo.com\/noticias\/wp-json\/wp\/v2\/categories?post=64633"},{"taxonomy":"post_tag","embeddable":true,"href":"https:\/\/elreporterohgo.com\/noticias\/wp-json\/wp\/v2\/tags?post=64633"}],"curies":[{"name":"wp","href":"https:\/\/api.w.org\/{rel}","templated":true}]}}