{"id":63892,"date":"2024-05-05T20:28:26","date_gmt":"2024-05-06T02:28:26","guid":{"rendered":"https:\/\/elreporterohgo.com\/noticias\/?p=63892"},"modified":"2024-06-04T17:41:13","modified_gmt":"2024-06-04T23:41:13","slug":"feria-de-servicios-en-pachuca","status":"publish","type":"post","link":"https:\/\/elreporterohgo.com\/noticias\/2024\/05\/05\/feria-de-servicios-en-pachuca\/","title":{"rendered":"Feria de servicios en Pachuca"},"content":{"rendered":"<p>Para continuar con la gira de trabajo \u201cGobierno Itinerante\u201d, el titular del Poder Ejecutivo en Hidalgo encabez\u00f3 una supervisi\u00f3n por las instalaciones de la  escuela primaria Margarita Maza de Ju\u00e1rez, en donde verific\u00f3 el estado que guardan las tareas de remodelaci\u00f3n de este plantel, ubicado en la ciudad de Pachuca. <\/p>\n<p>Durante este recorrido se inform\u00f3 que parte de las labores de rehabilitaci\u00f3n constan de la construcci\u00f3n del m\u00f3dulo de sanitarios y de una cisterna, as\u00ed como de diversas obras exteriores que permitir\u00e1n que el alumnado cuente con espacios dignos para el correcto desarrollo de sus actividades.<\/p>\n<p>Asimismo, el gobernador visit\u00f3 las instalaciones del Centro de Salud de la colonia Cubitos, en donde se realizan remodelaciones en fachadas, colocaci\u00f3n de impermeabilizante, rehabilitaci\u00f3n de sanitarios, as\u00ed como de la canceler\u00eda de puertas y ventanas. <\/p>\n<p>El mandatario hidalguense exhort\u00f3 a las autoridades de salud a trabajar con esfuerzo y dedicaci\u00f3n, pues explic\u00f3 que las personas que acuden en busca de estos servicios deben contar con la seguridad de que se les atender\u00e1 bajo los m\u00e1s altos est\u00e1ndares de calidad. <\/p>\n<p>Para finalizar la jornada, el titular del Ejecutivo estatal tambi\u00e9n recorri\u00f3 la Feria de Servicios que se instal\u00f3 en la colonia Piracantos, y aprovech\u00f3 para enfatizar la importancia de que las personas acudan a completar sus esquemas de vacunaci\u00f3n y a realizarse ex\u00e1menes m\u00e9dicos que permiten fortalecer la cultura de la prevenci\u00f3n.<\/p>\n","protected":false},"excerpt":{"rendered":"<p>Para continuar con la gira de trabajo \u201cGobierno Itinerante\u201d, el titular del Poder Ejecutivo en Hidalgo encabez\u00f3 una supervisi\u00f3n por las instalaciones de la escuela primaria Margarita Maza de Ju\u00e1rez, en donde verific\u00f3 el estado que guardan las tareas de remodelaci\u00f3n de este plantel, ubicado en la ciudad de Pachuca. Durante este recorrido se inform\u00f3<\/p>\n","protected":false},"author":6,"featured_media":63893,"comment_status":"open","ping_status":"closed","sticky":false,"template":"","format":"standard","meta":{"footnotes":""},"categories":[10,54,1],"tags":[],"class_list":{"0":"post-63892","1":"post","2":"type-post","3":"status-publish","4":"format-standard","5":"has-post-thumbnail","7":"category-hidalgo","8":"category-lo-ultimo","9":"category-uncategorized"},"_links":{"self":[{"href":"https:\/\/elreporterohgo.com\/noticias\/wp-json\/wp\/v2\/posts\/63892","targetHints":{"allow":["GET"]}}],"collection":[{"href":"https:\/\/elreporterohgo.com\/noticias\/wp-json\/wp\/v2\/posts"}],"about":[{"href":"https:\/\/elreporterohgo.com\/noticias\/wp-json\/wp\/v2\/types\/post"}],"author":[{"embeddable":true,"href":"https:\/\/elreporterohgo.com\/noticias\/wp-json\/wp\/v2\/users\/6"}],"replies":[{"embeddable":true,"href":"https:\/\/elreporterohgo.com\/noticias\/wp-json\/wp\/v2\/comments?post=63892"}],"version-history":[{"count":1,"href":"https:\/\/elreporterohgo.com\/noticias\/wp-json\/wp\/v2\/posts\/63892\/revisions"}],"predecessor-version":[{"id":63894,"href":"https:\/\/elreporterohgo.com\/noticias\/wp-json\/wp\/v2\/posts\/63892\/revisions\/63894"}],"wp:featuredmedia":[{"embeddable":true,"href":"https:\/\/elreporterohgo.com\/noticias\/wp-json\/wp\/v2\/media\/63893"}],"wp:attachment":[{"href":"https:\/\/elreporterohgo.com\/noticias\/wp-json\/wp\/v2\/media?parent=63892"}],"wp:term":[{"taxonomy":"category","embeddable":true,"href":"https:\/\/elreporterohgo.com\/noticias\/wp-json\/wp\/v2\/categories?post=63892"},{"taxonomy":"post_tag","embeddable":true,"href":"https:\/\/elreporterohgo.com\/noticias\/wp-json\/wp\/v2\/tags?post=63892"}],"curies":[{"name":"wp","href":"https:\/\/api.w.org\/{rel}","templated":true}]}}