{"id":63039,"date":"2024-04-07T19:56:39","date_gmt":"2024-04-08T01:56:39","guid":{"rendered":"https:\/\/elreporterohgo.com\/noticias\/?p=63039"},"modified":"2024-04-07T19:56:39","modified_gmt":"2024-04-08T01:56:39","slug":"manana-es-el-eclipse-total-de-sol","status":"publish","type":"post","link":"https:\/\/elreporterohgo.com\/noticias\/2024\/04\/07\/manana-es-el-eclipse-total-de-sol\/","title":{"rendered":"Ma\u00f1ana es el eclipse total de sol"},"content":{"rendered":"<p>&nbsp;<\/p>\n<p><span style=\"font-weight: 400;\">Con la finalidad de privilegiar la salud y el bienestar de las y los estudiantes de Educaci\u00f3n B\u00e1sica, quienes regresan a las aulas el pr\u00f3ximo lunes 8 de abril, el Instituto Hidalguense de Educaci\u00f3n (IHE) comparti\u00f3 las recomendaciones emitidas por la Secretar\u00eda de Educaci\u00f3n P\u00fablica (SEP) federal en referencia al eclipse total de sol.<\/span><\/p>\n<p><span style=\"font-weight: 400;\">Esta acci\u00f3n se llev\u00f3 a cabo a trav\u00e9s de la Coordinaci\u00f3n General de Educaci\u00f3n B\u00e1sica (CGEB), junto con la Direcci\u00f3n General de Educaci\u00f3n B\u00e1sica (DGEB).<\/span><\/p>\n<p><span style=\"font-weight: 400;\">De acuerdo con la informaci\u00f3n emitida por la SEP, a trav\u00e9s del bolet\u00edn 43, el eclipse podr\u00e1 observarse desde diferentes lugares del pa\u00eds, por lo que se invita a la comunidad escolar a extremar precauciones ya que, por ning\u00fan motivo, debe observarse directamente.<\/span><\/p>\n<p><span style=\"font-weight: 400;\">Maestras y maestros tendr\u00e1n la oportunidad de hablar sobre este fen\u00f3meno y orientar a sus estudiantes al respecto. En ese sentido, se les solicit\u00f3 ser muy cuidadosos, pues ver el sol sin la protecci\u00f3n adecuada puede da\u00f1ar la vista de manera permanente.<\/span><\/p>\n<p><span style=\"font-weight: 400;\">De acuerdo con la informaci\u00f3n difundida a trav\u00e9s de redes sociales por la Sociedad Astron\u00f3mica del Estado de Hidalgo, el eclipse tendr\u00e1 una duraci\u00f3n de 2 horas, 41 minutos y 17 segundos.\u00a0 Comenzar\u00e1 a las 10:57 horas; el punto m\u00e1ximo ser\u00e1 a las 12:16 horas y el t\u00e9rmino a las 13:38 horas.<\/span><\/p>\n<p><span style=\"font-weight: 400;\">Por lo anterior se sugiere que, en caso de que el receso tenga lugar mientras se desarrolla el fen\u00f3meno, se ajuste el horario, a fin de que alumnas y alumnos permanezcan en sus aulas.<\/span><\/p>\n<p><span style=\"font-weight: 400;\">Las escuelas deber\u00e1n brindar las facilidades correspondientes a los estudiantes cuyas madres, padres de familia o tutores no deseen que acudan a los planteles ese d\u00eda, siempre en apego al inter\u00e9s superior de la ni\u00f1ez.<\/span><\/p>\n","protected":false},"excerpt":{"rendered":"<p>&nbsp; Con la finalidad de privilegiar la salud y el bienestar de las y los estudiantes de Educaci\u00f3n B\u00e1sica, quienes regresan a las aulas el pr\u00f3ximo lunes 8 de abril, el Instituto Hidalguense de Educaci\u00f3n (IHE) comparti\u00f3 las recomendaciones emitidas por la Secretar\u00eda de Educaci\u00f3n P\u00fablica (SEP) federal en referencia al eclipse total de sol.<\/p>\n","protected":false},"author":2,"featured_media":63040,"comment_status":"open","ping_status":"closed","sticky":false,"template":"","format":"standard","meta":{"footnotes":""},"categories":[10,54,1],"tags":[],"class_list":{"0":"post-63039","1":"post","2":"type-post","3":"status-publish","4":"format-standard","5":"has-post-thumbnail","7":"category-hidalgo","8":"category-lo-ultimo","9":"category-uncategorized"},"_links":{"self":[{"href":"https:\/\/elreporterohgo.com\/noticias\/wp-json\/wp\/v2\/posts\/63039","targetHints":{"allow":["GET"]}}],"collection":[{"href":"https:\/\/elreporterohgo.com\/noticias\/wp-json\/wp\/v2\/posts"}],"about":[{"href":"https:\/\/elreporterohgo.com\/noticias\/wp-json\/wp\/v2\/types\/post"}],"author":[{"embeddable":true,"href":"https:\/\/elreporterohgo.com\/noticias\/wp-json\/wp\/v2\/users\/2"}],"replies":[{"embeddable":true,"href":"https:\/\/elreporterohgo.com\/noticias\/wp-json\/wp\/v2\/comments?post=63039"}],"version-history":[{"count":1,"href":"https:\/\/elreporterohgo.com\/noticias\/wp-json\/wp\/v2\/posts\/63039\/revisions"}],"predecessor-version":[{"id":63041,"href":"https:\/\/elreporterohgo.com\/noticias\/wp-json\/wp\/v2\/posts\/63039\/revisions\/63041"}],"wp:featuredmedia":[{"embeddable":true,"href":"https:\/\/elreporterohgo.com\/noticias\/wp-json\/wp\/v2\/media\/63040"}],"wp:attachment":[{"href":"https:\/\/elreporterohgo.com\/noticias\/wp-json\/wp\/v2\/media?parent=63039"}],"wp:term":[{"taxonomy":"category","embeddable":true,"href":"https:\/\/elreporterohgo.com\/noticias\/wp-json\/wp\/v2\/categories?post=63039"},{"taxonomy":"post_tag","embeddable":true,"href":"https:\/\/elreporterohgo.com\/noticias\/wp-json\/wp\/v2\/tags?post=63039"}],"curies":[{"name":"wp","href":"https:\/\/api.w.org\/{rel}","templated":true}]}}