{"id":63014,"date":"2024-04-06T19:36:53","date_gmt":"2024-04-07T01:36:53","guid":{"rendered":"https:\/\/elreporterohgo.com\/noticias\/?p=63014"},"modified":"2024-04-06T19:36:53","modified_gmt":"2024-04-07T01:36:53","slug":"la-fuerza-del-pan-se-suma-a-sayonara-vargas","status":"publish","type":"post","link":"https:\/\/elreporterohgo.com\/noticias\/2024\/04\/06\/la-fuerza-del-pan-se-suma-a-sayonara-vargas\/","title":{"rendered":"La fuerza del PAN se suma a Sayonara Vargas"},"content":{"rendered":"<p>&nbsp;<\/p>\n<p>La candidata de la alianza Fuerza y Coraz\u00f3n por M\u00e9xico, Sayonara Vargas Rodr\u00edguez, fue recibida con alegr\u00eda en la sede del Comit\u00e9 Municipal del Partido Acci\u00f3n Nacional (PAN) de Huejutla, por los militantes y el dirigente municipal Ramiro Hern\u00e1ndez Torres.<\/p>\n<p>Ramiro Hern\u00e1ndez, se\u00f1al\u00f3, \u00abHidalgo tiene una gran oportunidad con Xochitl G\u00e1lvez Ruiz, por eso hacemos lo m\u00e1s humanamente posible, poniendo coraz\u00f3n a nuestro activismo para ayudarla, pero tenemos tambi\u00e9n a la maestra Sayonara, quien tiene un buen trabajo legislativo y desde aqu\u00ed le decimos que no est\u00e1 sola, la fuerza del PAN estar\u00e1 con usted, haga todo el esfuerzo que est\u00e1 en sus manos, nosotros vamos a respaldarla porque Huejutla tambi\u00e9n merece mejores oportunidades\u00bb.<\/p>\n<p>&nbsp;<\/p>\n<p>En su intervenci\u00f3n la abanderada de la alianza Fuerza y Coraz\u00f3n por M\u00e9xico precis\u00f3; \u00abyo tengo mucho de azul y el PAN me dio la oportunidad en el periodo de Vicente Fox, donde fui a una bolsa de trabajo e hice un examen de 5 horas, as\u00ed sal\u00ed como Directora Nacional de Vinculaci\u00f3n de Universidades Tecnol\u00f3gicas, luego me integr\u00e9 a las Universidades Polit\u00e9cnicas.<\/p>\n<p>La maestra Sayo dijo en su mensaje, \u00abestoy muy contenta de que vayamos en alianza con el PAN y el PRD, aunque enfrente ustedes van a ver carretadas de dinero, aqu\u00ed hay propuestas y trabajo, en los temas que vamos a impulsar es el derecho de los pueblos ind\u00edgenas,<\/p>\n<p>Al final precis\u00f3, \u00abHuejutla es importante por eso Colosio inici\u00f3 campa\u00f1a aqu\u00ed, Fox y Calder\u00f3n vinieron, L\u00f3pez Obrador tambi\u00e9n, entre otros personajes importantes y por eso les digo que vamos a salir a convencer a la gente para que voten por nosotros y vamos a ganar\u00bb.<\/p>\n","protected":false},"excerpt":{"rendered":"<p>&nbsp; La candidata de la alianza Fuerza y Coraz\u00f3n por M\u00e9xico, Sayonara Vargas Rodr\u00edguez, fue recibida con alegr\u00eda en la sede del Comit\u00e9 Municipal del Partido Acci\u00f3n Nacional (PAN) de Huejutla, por los militantes y el dirigente municipal Ramiro Hern\u00e1ndez Torres. Ramiro Hern\u00e1ndez, se\u00f1al\u00f3, \u00abHidalgo tiene una gran oportunidad con Xochitl G\u00e1lvez Ruiz, por eso<\/p>\n","protected":false},"author":2,"featured_media":63016,"comment_status":"open","ping_status":"closed","sticky":false,"template":"","format":"standard","meta":{"footnotes":""},"categories":[10,54,1],"tags":[],"class_list":{"0":"post-63014","1":"post","2":"type-post","3":"status-publish","4":"format-standard","5":"has-post-thumbnail","7":"category-hidalgo","8":"category-lo-ultimo","9":"category-uncategorized"},"_links":{"self":[{"href":"https:\/\/elreporterohgo.com\/noticias\/wp-json\/wp\/v2\/posts\/63014","targetHints":{"allow":["GET"]}}],"collection":[{"href":"https:\/\/elreporterohgo.com\/noticias\/wp-json\/wp\/v2\/posts"}],"about":[{"href":"https:\/\/elreporterohgo.com\/noticias\/wp-json\/wp\/v2\/types\/post"}],"author":[{"embeddable":true,"href":"https:\/\/elreporterohgo.com\/noticias\/wp-json\/wp\/v2\/users\/2"}],"replies":[{"embeddable":true,"href":"https:\/\/elreporterohgo.com\/noticias\/wp-json\/wp\/v2\/comments?post=63014"}],"version-history":[{"count":1,"href":"https:\/\/elreporterohgo.com\/noticias\/wp-json\/wp\/v2\/posts\/63014\/revisions"}],"predecessor-version":[{"id":63017,"href":"https:\/\/elreporterohgo.com\/noticias\/wp-json\/wp\/v2\/posts\/63014\/revisions\/63017"}],"wp:featuredmedia":[{"embeddable":true,"href":"https:\/\/elreporterohgo.com\/noticias\/wp-json\/wp\/v2\/media\/63016"}],"wp:attachment":[{"href":"https:\/\/elreporterohgo.com\/noticias\/wp-json\/wp\/v2\/media?parent=63014"}],"wp:term":[{"taxonomy":"category","embeddable":true,"href":"https:\/\/elreporterohgo.com\/noticias\/wp-json\/wp\/v2\/categories?post=63014"},{"taxonomy":"post_tag","embeddable":true,"href":"https:\/\/elreporterohgo.com\/noticias\/wp-json\/wp\/v2\/tags?post=63014"}],"curies":[{"name":"wp","href":"https:\/\/api.w.org\/{rel}","templated":true}]}}