{"id":62914,"date":"2024-04-03T08:46:40","date_gmt":"2024-04-03T14:46:40","guid":{"rendered":"https:\/\/elreporterohgo.com\/noticias\/?p=62914"},"modified":"2024-04-03T08:46:40","modified_gmt":"2024-04-03T14:46:40","slug":"concientiza-imss-hidalgo-acerca-del-trastorno-del-espectro-autista","status":"publish","type":"post","link":"https:\/\/elreporterohgo.com\/noticias\/2024\/04\/03\/concientiza-imss-hidalgo-acerca-del-trastorno-del-espectro-autista\/","title":{"rendered":"Concientiza IMSS Hidalgo acerca del Trastorno del Espectro Autista"},"content":{"rendered":"<p>&nbsp;<\/p>\n<p>El Instituto Mexicano del Seguro Social (IMSS) Hidalgo concientiza a la poblaci\u00f3n sobre Trastorno del Espectro Autista (TEA), este es un trastorno neurol\u00f3gico y de desarrollo complejo que se manifiesta en los primeros a\u00f1os de vida, afectando la comunicaci\u00f3n, interacci\u00f3n social y el comportamiento; es relevante simpatizar esta condici\u00f3n para una inclusi\u00f3n en la sociedad.<\/p>\n<p>&nbsp;<\/p>\n<p>Las personas con TEA se diagnostican mediante la observaci\u00f3n de patrones de comportamiento caracter\u00edstico, como, inclinaci\u00f3n hacia lo repetitivo o en la rigidez en seguir rutinas o rituales de manera inflexible, tambi\u00e9n mediante evaluaciones multidisciplinarias que incluyen pruebas psicol\u00f3gicas y de desarrollo.<\/p>\n<p>&nbsp;<\/p>\n<p>La empat\u00eda, paciencia y comprensi\u00f3n son elementos fundamentales que se deben de tener presentes cuando se interact\u00fae con aquellos que padecen TEA, siendo crucial brindar un entorno estructurado y predecible, comunicarse de manera clara y directa, respetar las preferencias y necesidades individuales de cada uno, estas acciones son significativos para una interacci\u00f3n con la comunidad autista.<\/p>\n<p>&nbsp;<\/p>\n<p>La sensibilizaci\u00f3n y la educaci\u00f3n sobre el autismo en la comunidad son fundamentales por estas razones:<\/p>\n<p>&nbsp;<\/p>\n<ul>\n<li>Promueven la comprensi\u00f3n y empat\u00eda<\/li>\n<li>Reducci\u00f3n del estigma y discriminaci\u00f3n<\/li>\n<li>Facilitan la detecci\u00f3n temprana<\/li>\n<li>Promueven estrategias de apoyo adecuadas<\/li>\n<\/ul>\n<p>&nbsp;<\/p>\n<p>La implementaci\u00f3n de estas actividades es esencial para crear una sociedad m\u00e1s inclusiva, justa y comprensiva, donde todas las personas tengan la oportunidad de desarrollar su m\u00e1ximo potencial, independientemente de sus diferencias neurodiversas.<\/p>\n<p>&nbsp;<\/p>\n<p>La integraci\u00f3n de las personas con TEA en la sociedad es un proceso complejo que requiere un enfoque inclusivo y colaborativo, a medida que la conciencia sobre el autismo contin\u00faa creciendo, es relevante reconocer que cada individuo en el espectro autista posee habilidades \u00fanicas y enfrenta desaf\u00edos espec\u00edficos en su camino hacia la plena inclusi\u00f3n social, por esta raz\u00f3n se presentan algunas acciones que las personas con autismo pueden tomar para fomentar su participaci\u00f3n activa.<\/p>\n<p>&nbsp;<\/p>\n<ul>\n<li>Desarrollar habilidades sociales<\/li>\n<li>Buscar oportunidades de educaci\u00f3n inclusiva<\/li>\n<li>Participar en actividades de inter\u00e9s<\/li>\n<li>Desarrollar estrategias de autorregulaci\u00f3n<\/li>\n<li>Participar en programas de empleo con apoyo<\/li>\n<li>Practicar el autocuidado<\/li>\n<li>Promover la conciencia sobre el autismo<\/li>\n<\/ul>\n<p>&nbsp;<\/p>\n<p>El IMSS en la entidad cuenta con diversos especialistas que trabajan en la detecci\u00f3n, evaluaci\u00f3n e integraci\u00f3n de un diagn\u00f3stico temprano y en tratamientos oportunos que favorezcan el desarrollo de sus potencialidades, en los tres niveles de atenci\u00f3n, con el objetivo de promover su bienestar emocional y social; la derechohabiencia puede acercarse a su Unidad M\u00e9dico Familiar (UMF) de adscripci\u00f3n con el fin de acercarse y recibir orientaci\u00f3n m\u00e9dica sobre el tema y, en caso de ser necesario, realizar una evaluaci\u00f3n para descartar posibles complicaciones.<\/p>\n<p>&nbsp;<\/p>\n","protected":false},"excerpt":{"rendered":"<p>&nbsp; El Instituto Mexicano del Seguro Social (IMSS) Hidalgo concientiza a la poblaci\u00f3n sobre Trastorno del Espectro Autista (TEA), este es un trastorno neurol\u00f3gico y de desarrollo complejo que se manifiesta en los primeros a\u00f1os de vida, afectando la comunicaci\u00f3n, interacci\u00f3n social y el comportamiento; es relevante simpatizar esta condici\u00f3n para una inclusi\u00f3n en la<\/p>\n","protected":false},"author":2,"featured_media":62915,"comment_status":"open","ping_status":"closed","sticky":false,"template":"","format":"standard","meta":{"footnotes":""},"categories":[10,54],"tags":[],"class_list":{"0":"post-62914","1":"post","2":"type-post","3":"status-publish","4":"format-standard","5":"has-post-thumbnail","7":"category-hidalgo","8":"category-lo-ultimo"},"_links":{"self":[{"href":"https:\/\/elreporterohgo.com\/noticias\/wp-json\/wp\/v2\/posts\/62914","targetHints":{"allow":["GET"]}}],"collection":[{"href":"https:\/\/elreporterohgo.com\/noticias\/wp-json\/wp\/v2\/posts"}],"about":[{"href":"https:\/\/elreporterohgo.com\/noticias\/wp-json\/wp\/v2\/types\/post"}],"author":[{"embeddable":true,"href":"https:\/\/elreporterohgo.com\/noticias\/wp-json\/wp\/v2\/users\/2"}],"replies":[{"embeddable":true,"href":"https:\/\/elreporterohgo.com\/noticias\/wp-json\/wp\/v2\/comments?post=62914"}],"version-history":[{"count":1,"href":"https:\/\/elreporterohgo.com\/noticias\/wp-json\/wp\/v2\/posts\/62914\/revisions"}],"predecessor-version":[{"id":62916,"href":"https:\/\/elreporterohgo.com\/noticias\/wp-json\/wp\/v2\/posts\/62914\/revisions\/62916"}],"wp:featuredmedia":[{"embeddable":true,"href":"https:\/\/elreporterohgo.com\/noticias\/wp-json\/wp\/v2\/media\/62915"}],"wp:attachment":[{"href":"https:\/\/elreporterohgo.com\/noticias\/wp-json\/wp\/v2\/media?parent=62914"}],"wp:term":[{"taxonomy":"category","embeddable":true,"href":"https:\/\/elreporterohgo.com\/noticias\/wp-json\/wp\/v2\/categories?post=62914"},{"taxonomy":"post_tag","embeddable":true,"href":"https:\/\/elreporterohgo.com\/noticias\/wp-json\/wp\/v2\/tags?post=62914"}],"curies":[{"name":"wp","href":"https:\/\/api.w.org\/{rel}","templated":true}]}}