{"id":62911,"date":"2024-04-03T08:36:39","date_gmt":"2024-04-03T14:36:39","guid":{"rendered":"https:\/\/elreporterohgo.com\/noticias\/?p=62911"},"modified":"2024-04-03T08:36:39","modified_gmt":"2024-04-03T14:36:39","slug":"concurso-para-ser-comisionados-infantiles-y-ser-parte-del-pleno-ninas-y-ninos-2024","status":"publish","type":"post","link":"https:\/\/elreporterohgo.com\/noticias\/2024\/04\/03\/concurso-para-ser-comisionados-infantiles-y-ser-parte-del-pleno-ninas-y-ninos-2024\/","title":{"rendered":"Concurso para ser Comisionados Infantiles y ser parte del Pleno Ni\u00f1as y Ni\u00f1os 2024."},"content":{"rendered":"<p>&nbsp;<\/p>\n<p>PACHUCA, Hgo. &#8211; Con el objetivo de promover la importancia de la privacidad y protecci\u00f3n de los datos personales entre las y los menores de edad, como parte de la educaci\u00f3n c\u00edvica para el ejercicio del derecho a la protecci\u00f3n de datos personales, atendiendo preponderantemente en el desarrollo del concurso los principios de no discriminaci\u00f3n, inclusi\u00f3n y pro persona, as\u00ed como los derechos de la ni\u00f1ez. El Instituto Nacional de Transparencia, Acceso a la Informaci\u00f3n y Protecci\u00f3n de Datos Personales (INAI), el Sistema Nacional de Transparencia, Acceso a la Informaci\u00f3n P\u00fablica y Protecci\u00f3n de Datos Personales (SNT) y el Instituto de Transparencia, Acceso a la Informaci\u00f3n P\u00fablica Gubernamental y Protecci\u00f3n de Datos Personales del Estado de Hidalgo (ITAIH), invitan a ni\u00f1as y ni\u00f1os de 10 a 12 a\u00f1os cumplidos a participar en el Concurso para ser Comisionada y Comisionado Infantil y formar parte del Pleno Ni\u00f1as y Ni\u00f1os 2024.<\/p>\n<p>La participaci\u00f3n en el concurso ser\u00e1 a trav\u00e9s de un video grabado en horizontal, formato electr\u00f3nico mp4, con una duraci\u00f3n de hasta 3 minutos, en el que la o el menor de edad exponga sus argumentos e ideas con relaci\u00f3n a alg\u00fan tema vinculado con la privacidad y la protecci\u00f3n de datos personales de las ni\u00f1as, ni\u00f1os y adolescentes, y en el que reflexione sobre los siguientes contenidos con relaci\u00f3n al tema elegido:<\/p>\n<ol>\n<li>a) \u00bfPor qu\u00e9 eleg\u00ed este tema?<\/li>\n<li>b) Considero que este tema es importante porque\u2026<\/li>\n<li>c) Como ni\u00f1a, ni\u00f1o o adolescente, lo que opino sobre el tema es\u2026<\/li>\n<li>d) Lo que propongo y recomiendo para atender el tema es\u2026<\/li>\n<li>e) El video deber\u00e1 identificarse a trav\u00e9s de un nombre o t\u00edtulo.<\/li>\n<\/ol>\n<p>&nbsp;<\/p>\n<p>Los temas a desarrollar pueden ser:<\/p>\n<ul>\n<li>Protecci\u00f3n de datos personales y privacidad en redes sociales.<\/li>\n<li>El valor de tus datos personales.<\/li>\n<li>Medidas de seguridad que utilizo para proteger mis datos personales en el entorno digital.<\/li>\n<li>La importancia de la protecci\u00f3n de datos personales y privacidad.<\/li>\n<li>Protecci\u00f3n de datos personales y privacidad en la escuela.<\/li>\n<\/ul>\n<p>La fecha l\u00edmite para subir el video al micrositio <a href=\"about:blank\">tinyurl.com\/5n9393ad<\/a> en donde tambi\u00e9n se encuentra la convocatoria es el 28 de junio a las 23:59 horas para participar en la fase estatal, en la que se elegir\u00e1 el video que participar\u00e1 en la etapa regional en la que se determinar\u00e1n 3 videos ganadores.<\/p>\n<p>Es importante mencionar que en todas las etapas del concurso se firman formatos de consentimiento, autorizaci\u00f3n y autenticidad por parte de la madre, padre, tutora o tutor.<\/p>\n<p>Las ganadoras y ganadores de la Etapa Nacional recibir\u00e1n los siguientes premios:<\/p>\n<ul>\n<li>Participaci\u00f3n en la sesi\u00f3n del Pleno Ni\u00f1as y Ni\u00f1os;<\/li>\n<li>Un reconocimiento;<\/li>\n<li>Una medalla;<\/li>\n<li>Una tableta electr\u00f3nica de \u00faltima generaci\u00f3n de acuerdo con el a\u00f1o del Concurso.<\/li>\n<\/ul>\n<p><strong>*Este documento no representa una orden de inserci\u00f3n.<\/strong><\/p>\n","protected":false},"excerpt":{"rendered":"<p>&nbsp; PACHUCA, Hgo. &#8211; Con el objetivo de promover la importancia de la privacidad y protecci\u00f3n de los datos personales entre las y los menores de edad, como parte de la educaci\u00f3n c\u00edvica para el ejercicio del derecho a la protecci\u00f3n de datos personales, atendiendo preponderantemente en el desarrollo del concurso los principios de no<\/p>\n","protected":false},"author":2,"featured_media":62912,"comment_status":"open","ping_status":"closed","sticky":false,"template":"","format":"standard","meta":{"footnotes":""},"categories":[10,54],"tags":[],"class_list":{"0":"post-62911","1":"post","2":"type-post","3":"status-publish","4":"format-standard","5":"has-post-thumbnail","7":"category-hidalgo","8":"category-lo-ultimo"},"_links":{"self":[{"href":"https:\/\/elreporterohgo.com\/noticias\/wp-json\/wp\/v2\/posts\/62911","targetHints":{"allow":["GET"]}}],"collection":[{"href":"https:\/\/elreporterohgo.com\/noticias\/wp-json\/wp\/v2\/posts"}],"about":[{"href":"https:\/\/elreporterohgo.com\/noticias\/wp-json\/wp\/v2\/types\/post"}],"author":[{"embeddable":true,"href":"https:\/\/elreporterohgo.com\/noticias\/wp-json\/wp\/v2\/users\/2"}],"replies":[{"embeddable":true,"href":"https:\/\/elreporterohgo.com\/noticias\/wp-json\/wp\/v2\/comments?post=62911"}],"version-history":[{"count":1,"href":"https:\/\/elreporterohgo.com\/noticias\/wp-json\/wp\/v2\/posts\/62911\/revisions"}],"predecessor-version":[{"id":62913,"href":"https:\/\/elreporterohgo.com\/noticias\/wp-json\/wp\/v2\/posts\/62911\/revisions\/62913"}],"wp:featuredmedia":[{"embeddable":true,"href":"https:\/\/elreporterohgo.com\/noticias\/wp-json\/wp\/v2\/media\/62912"}],"wp:attachment":[{"href":"https:\/\/elreporterohgo.com\/noticias\/wp-json\/wp\/v2\/media?parent=62911"}],"wp:term":[{"taxonomy":"category","embeddable":true,"href":"https:\/\/elreporterohgo.com\/noticias\/wp-json\/wp\/v2\/categories?post=62911"},{"taxonomy":"post_tag","embeddable":true,"href":"https:\/\/elreporterohgo.com\/noticias\/wp-json\/wp\/v2\/tags?post=62911"}],"curies":[{"name":"wp","href":"https:\/\/api.w.org\/{rel}","templated":true}]}}