{"id":62880,"date":"2024-04-01T14:21:09","date_gmt":"2024-04-01T20:21:09","guid":{"rendered":"https:\/\/elreporterohgo.com\/noticias\/?p=62880"},"modified":"2024-04-01T14:21:09","modified_gmt":"2024-04-01T20:21:09","slug":"opositores-se-cuelgan-de-programas-sociales-simey-olvera","status":"publish","type":"post","link":"https:\/\/elreporterohgo.com\/noticias\/2024\/04\/01\/opositores-se-cuelgan-de-programas-sociales-simey-olvera\/","title":{"rendered":"Opositores se cuelgan de programas sociales: Simey Olvera"},"content":{"rendered":"<p>&nbsp;<\/p>\n<p>&nbsp;<\/p>\n<ul>\n<li>\u201cNo tienen cara para pedir el voto\u201d; Morena tiene la f\u00f3rmula para conseguir la victoria con honestidad y unidad, asegur\u00f3 la aspirante al Senado<\/li>\n<\/ul>\n<p>&nbsp;<\/p>\n<p>La candidata morenista al Senado de la Rep\u00fablica, Simey Olvera Bautista, cuestion\u00f3 a aquellos adversarios que hacen campa\u00f1a a partir de los avances de la Cuarta Transformaci\u00f3n y consider\u00f3 que los tiempos son buenos para reflexionar sobre qui\u00e9nes han estado del lado del pueblo.<\/p>\n<p>\u00abVeo ah\u00ed algunos opositores colg\u00e1ndose de los programas sociales, y yo pregunto: \u00bfpor qu\u00e9 no lo hicieron en 90 a\u00f1os? Hoy no tienen cara para pedir el voto\u00bb.<\/p>\n<p>En el jard\u00edn La Floresta, de Tulancingo, Olvera acompa\u00f1\u00f3 el arranque de campa\u00f1a de los candidatos y candidatas a una de las 18 diputaciones locales, con asistencia de mil 500 personas.<\/p>\n<p>Ah\u00ed asegur\u00f3 que su partido es de puertas abiertas y tiene la f\u00f3rmula para conseguir la victoria el 2 de junio, con unidad y honestidad.<\/p>\n<p>\u00abBienvenidos todos aquellos que no mientan, no roben y no traicionen. Porque vamos por el segundo piso de la transformaci\u00f3n\u00bb.<\/p>\n<p>Aunque los trabajos de las campa\u00f1as a diputaciones locales comenzaron este domingo, el camino de las campa\u00f1as a senadores y diputados federales ya tiene 31 d\u00edas de haber iniciado. Donde se destaca una gran movilizaci\u00f3n en todo el territorio.<\/p>\n<p>\u201cLa Paloma\u201d reafirm\u00f3 su compromiso con las familias de Hidalgo para seguir construyendo bienestar: \u00abNo tenemos derecho a fallarles y no les vamos a fallar\u00bb.<\/p>\n","protected":false},"excerpt":{"rendered":"<p>&nbsp; &nbsp; \u201cNo tienen cara para pedir el voto\u201d; Morena tiene la f\u00f3rmula para conseguir la victoria con honestidad y unidad, asegur\u00f3 la aspirante al Senado &nbsp; La candidata morenista al Senado de la Rep\u00fablica, Simey Olvera Bautista, cuestion\u00f3 a aquellos adversarios que hacen campa\u00f1a a partir de los avances de la Cuarta Transformaci\u00f3n y<\/p>\n","protected":false},"author":2,"featured_media":62881,"comment_status":"open","ping_status":"closed","sticky":false,"template":"","format":"standard","meta":{"footnotes":""},"categories":[10,54],"tags":[],"class_list":{"0":"post-62880","1":"post","2":"type-post","3":"status-publish","4":"format-standard","5":"has-post-thumbnail","7":"category-hidalgo","8":"category-lo-ultimo"},"_links":{"self":[{"href":"https:\/\/elreporterohgo.com\/noticias\/wp-json\/wp\/v2\/posts\/62880","targetHints":{"allow":["GET"]}}],"collection":[{"href":"https:\/\/elreporterohgo.com\/noticias\/wp-json\/wp\/v2\/posts"}],"about":[{"href":"https:\/\/elreporterohgo.com\/noticias\/wp-json\/wp\/v2\/types\/post"}],"author":[{"embeddable":true,"href":"https:\/\/elreporterohgo.com\/noticias\/wp-json\/wp\/v2\/users\/2"}],"replies":[{"embeddable":true,"href":"https:\/\/elreporterohgo.com\/noticias\/wp-json\/wp\/v2\/comments?post=62880"}],"version-history":[{"count":1,"href":"https:\/\/elreporterohgo.com\/noticias\/wp-json\/wp\/v2\/posts\/62880\/revisions"}],"predecessor-version":[{"id":62882,"href":"https:\/\/elreporterohgo.com\/noticias\/wp-json\/wp\/v2\/posts\/62880\/revisions\/62882"}],"wp:featuredmedia":[{"embeddable":true,"href":"https:\/\/elreporterohgo.com\/noticias\/wp-json\/wp\/v2\/media\/62881"}],"wp:attachment":[{"href":"https:\/\/elreporterohgo.com\/noticias\/wp-json\/wp\/v2\/media?parent=62880"}],"wp:term":[{"taxonomy":"category","embeddable":true,"href":"https:\/\/elreporterohgo.com\/noticias\/wp-json\/wp\/v2\/categories?post=62880"},{"taxonomy":"post_tag","embeddable":true,"href":"https:\/\/elreporterohgo.com\/noticias\/wp-json\/wp\/v2\/tags?post=62880"}],"curies":[{"name":"wp","href":"https:\/\/api.w.org\/{rel}","templated":true}]}}