{"id":62743,"date":"2024-03-26T11:32:41","date_gmt":"2024-03-26T17:32:41","guid":{"rendered":"https:\/\/elreporterohgo.com\/noticias\/?p=62743"},"modified":"2024-03-26T11:32:41","modified_gmt":"2024-03-26T17:32:41","slug":"simey-olvera-es-una-candidata-cercana-al-pueblo","status":"publish","type":"post","link":"https:\/\/elreporterohgo.com\/noticias\/2024\/03\/26\/simey-olvera-es-una-candidata-cercana-al-pueblo\/","title":{"rendered":"Simey Olvera es una candidata cercana al pueblo"},"content":{"rendered":"<p>&nbsp;<\/p>\n<p>En su tercera semana de campa\u00f1a rumbo a los comicios del 2 de junio, la candidata morenista al Senado de la Rep\u00fablica, Simey Olvera Bautista, visit\u00f3 nueve municipios del estado, lo que la posicion\u00f3 como la aspirante que tiene mayor contacto con el pueblo.<\/p>\n<p>&nbsp;<\/p>\n<p>En el marco del 86 aniversario de la expropiaci\u00f3n petrolera, Simey Olvera fue recibida por el Sindicato de Trabajadores Petroleros, espacio donde reconoci\u00f3 el papel de los trabajadores del sector para fortalecer esta industria en el pa\u00eds y la importancia econ\u00f3mica de la refiner\u00eda en Tula y sus alrededores.<\/p>\n<p>&nbsp;<\/p>\n<p>Tambi\u00e9n estuvo en su tierra natal, Mixquiahuala de Ju\u00e1rez, donde destac\u00f3 el orgullo de ser representante de una tierra de trabajo y esfuerzo que lleva el nombre de una de las figuras m\u00e1s importantes para nuestro pa\u00eds: Benito Ju\u00e1rez.<\/p>\n<p>&nbsp;<\/p>\n<p>En su visita al Valle del Mezquital para reunirse con las estructuras de la regi\u00f3n, acompa\u00f1ada por su compa\u00f1ero de f\u00f3rmula Cuauht\u00e9moc Ochoa y la candidata a diputada federal, Viridiana Cornejo, la aspirante recalc\u00f3 que \u201cnosotros no estamos convenciendo gente, no necesitamos dar falsas promesas porque la gente de transformaci\u00f3n conoce los resultados, por eso el pr\u00f3ximo 2 junio van a votar cinco de cinco\u201d.<\/p>\n<p>&nbsp;<\/p>\n<p>\u201cLa Paloma de Morena\u201d se\u00f1al\u00f3 que ning\u00fan gobierno hab\u00eda subido el salario m\u00ednimo como lo ha hecho el actual. Un aumento que, dijo, es resultado de la transformaci\u00f3n, como tambi\u00e9n lo son el AIFA, el Tren Maya y los programas sociales.<\/p>\n<p>&nbsp;<\/p>\n<p>\u201cEstoy agradecida por la oportunidad de ser la candidata al Senado, no tengo derecho a fallarles\u201d, fueron las palabras que dej\u00f3 Simey Olvera luego de reconocer que \u201choy el estado de Hidalgo cree en Claudia Sheinbaum porque las mujeres sabemos gobernar, sabemos organizar, sabremos encabezar la transformaci\u00f3n de M\u00e9xico y cumplirle al pueblo\u201d.<\/p>\n<p>&nbsp;<\/p>\n<p>Ah\u00ed, la aspirante a la C\u00e1mara alta reconoci\u00f3 el trabajo de la estructura territorial y recalc\u00f3 que s\u00f3lo hay dos caminos: regresar a la corrupci\u00f3n o dar seguimiento a la transformaci\u00f3n. Adem\u00e1s, recalc\u00f3 que con el actual gobierno en Hidalgo se camina por la ruta correcta para lograr el futuro que la gente espera.<\/p>\n<p>&nbsp;<\/p>\n<p>Posteriormente, durante su visita en Tetepango la candidata hizo un llamado a mantener la unidad dentro de Morena y destac\u00f3 que \u201ceste movimiento va m\u00e1s all\u00e1 de intereses personales, este movimiento tiene un compromiso permanente con el pueblo y s\u00f3lo juntos vamos a poder garantizar que el segundo piso de la transformaci\u00f3n llegue a todo el estado\u201d.<\/p>\n<p>&nbsp;<\/p>\n<p>Finalmente, la candidata al Senado se reuni\u00f3 con el Sindicato de Electricistas de la zona centro en el municipio de Tetepango, donde reconoci\u00f3 el compromiso del gremio con su lucha y se\u00f1al\u00f3 que desde la C\u00e1mara alta trabajar\u00e1 por el bien de este sector y de los hidalguenses.<\/p>\n<p>&nbsp;<\/p>\n<p>&nbsp;<\/p>\n","protected":false},"excerpt":{"rendered":"<p>&nbsp; En su tercera semana de campa\u00f1a rumbo a los comicios del 2 de junio, la candidata morenista al Senado de la Rep\u00fablica, Simey Olvera Bautista, visit\u00f3 nueve municipios del estado, lo que la posicion\u00f3 como la aspirante que tiene mayor contacto con el pueblo. &nbsp; En el marco del 86 aniversario de la expropiaci\u00f3n<\/p>\n","protected":false},"author":2,"featured_media":62744,"comment_status":"open","ping_status":"closed","sticky":false,"template":"","format":"standard","meta":{"footnotes":""},"categories":[10,54],"tags":[],"class_list":{"0":"post-62743","1":"post","2":"type-post","3":"status-publish","4":"format-standard","5":"has-post-thumbnail","7":"category-hidalgo","8":"category-lo-ultimo"},"_links":{"self":[{"href":"https:\/\/elreporterohgo.com\/noticias\/wp-json\/wp\/v2\/posts\/62743","targetHints":{"allow":["GET"]}}],"collection":[{"href":"https:\/\/elreporterohgo.com\/noticias\/wp-json\/wp\/v2\/posts"}],"about":[{"href":"https:\/\/elreporterohgo.com\/noticias\/wp-json\/wp\/v2\/types\/post"}],"author":[{"embeddable":true,"href":"https:\/\/elreporterohgo.com\/noticias\/wp-json\/wp\/v2\/users\/2"}],"replies":[{"embeddable":true,"href":"https:\/\/elreporterohgo.com\/noticias\/wp-json\/wp\/v2\/comments?post=62743"}],"version-history":[{"count":1,"href":"https:\/\/elreporterohgo.com\/noticias\/wp-json\/wp\/v2\/posts\/62743\/revisions"}],"predecessor-version":[{"id":62745,"href":"https:\/\/elreporterohgo.com\/noticias\/wp-json\/wp\/v2\/posts\/62743\/revisions\/62745"}],"wp:featuredmedia":[{"embeddable":true,"href":"https:\/\/elreporterohgo.com\/noticias\/wp-json\/wp\/v2\/media\/62744"}],"wp:attachment":[{"href":"https:\/\/elreporterohgo.com\/noticias\/wp-json\/wp\/v2\/media?parent=62743"}],"wp:term":[{"taxonomy":"category","embeddable":true,"href":"https:\/\/elreporterohgo.com\/noticias\/wp-json\/wp\/v2\/categories?post=62743"},{"taxonomy":"post_tag","embeddable":true,"href":"https:\/\/elreporterohgo.com\/noticias\/wp-json\/wp\/v2\/tags?post=62743"}],"curies":[{"name":"wp","href":"https:\/\/api.w.org\/{rel}","templated":true}]}}