{"id":62719,"date":"2024-03-24T23:12:22","date_gmt":"2024-03-25T05:12:22","guid":{"rendered":"https:\/\/elreporterohgo.com\/noticias\/?p=62719"},"modified":"2024-03-24T23:12:22","modified_gmt":"2024-03-25T05:12:22","slug":"colorido-desfile-de-la-primavera-en-almoloya","status":"publish","type":"post","link":"https:\/\/elreporterohgo.com\/noticias\/2024\/03\/24\/colorido-desfile-de-la-primavera-en-almoloya\/","title":{"rendered":"Colorido desfile de la primavera en Almoloya"},"content":{"rendered":"<p>&nbsp;<\/p>\n<p>Recordaron el natalicio de Benito Ju\u00e1rez<\/p>\n<p>Por Gerardo sol<\/p>\n<p>ALMOLOYA, Hgo. \u2013 Con un colorido desfile protagonizado especialmente por alumnos de preescolar, la ma\u00f1ana del pasado jueves, se festej\u00f3 la entrada de la Primavera, por muchos llamada la estaci\u00f3n m\u00e1s bella del a\u00f1o.<\/p>\n<p>Tambi\u00e9n se celebr\u00f3 una ceremonia c\u00edvica para honrar el 218\u00b0 aniversario del natalicio de Benito Ju\u00e1rez, quien paso a la historia y es reconocido como el benem\u00e9rito de las am\u00e9ricas.<\/p>\n<p>A las 08:30 horas del 21 de marzo, inicio el colorido y alegre desfile con la marcha la escolta de peque\u00f1os escolapios, tablas gimnasticas, vistosos carros aleg\u00f3ricos.<\/p>\n<p>Junto al p\u00fablico en general, la alcaldesa Margarita Ram\u00edrez Ben\u00edtez acompa\u00f1ada por integrantes de la asamblea municipal y funcionarios atenta observo el paso de todos los contingentes.<\/p>\n<p>Al terminar el vistoso desfile, la comitiva se dirigi\u00f3 a la plaza principal donde se celebr\u00f3 una ceremonia c\u00edvica para conmemorar el natalicio de Benito Ju\u00e1rez Garc\u00eda, un humilde pastorcito originario de Guelatao, estado de Oaxaca que estudio y lleg\u00f3 a ser un gran presidente de M\u00e9xico.<\/p>\n<p><a href=\"https:\/\/elreporterohgo.com\/noticias\/wp-content\/uploads\/2024\/03\/zzx-almoy.jpg\"><img fetchpriority=\"high\" decoding=\"async\" class=\"alignnone size-medium wp-image-62721\" src=\"https:\/\/elreporterohgo.com\/noticias\/wp-content\/uploads\/2024\/03\/zzx-almoy-300x232.jpg\" alt=\"\" width=\"300\" height=\"232\" srcset=\"https:\/\/elreporterohgo.com\/noticias\/wp-content\/uploads\/2024\/03\/zzx-almoy-300x232.jpg 300w, https:\/\/elreporterohgo.com\/noticias\/wp-content\/uploads\/2024\/03\/zzx-almoy-1024x791.jpg 1024w, https:\/\/elreporterohgo.com\/noticias\/wp-content\/uploads\/2024\/03\/zzx-almoy-768x593.jpg 768w, https:\/\/elreporterohgo.com\/noticias\/wp-content\/uploads\/2024\/03\/zzx-almoy-1536x1187.jpg 1536w, https:\/\/elreporterohgo.com\/noticias\/wp-content\/uploads\/2024\/03\/zzx-almoy-150x116.jpg 150w, https:\/\/elreporterohgo.com\/noticias\/wp-content\/uploads\/2024\/03\/zzx-almoy-600x464.jpg 600w, https:\/\/elreporterohgo.com\/noticias\/wp-content\/uploads\/2024\/03\/zzx-almoy-696x538.jpg 696w, https:\/\/elreporterohgo.com\/noticias\/wp-content\/uploads\/2024\/03\/zzx-almoy-1392x1076.jpg 1392w, https:\/\/elreporterohgo.com\/noticias\/wp-content\/uploads\/2024\/03\/zzx-almoy-1068x825.jpg 1068w, https:\/\/elreporterohgo.com\/noticias\/wp-content\/uploads\/2024\/03\/zzx-almoy-544x420.jpg 544w, https:\/\/elreporterohgo.com\/noticias\/wp-content\/uploads\/2024\/03\/zzx-almoy-1087x840.jpg 1087w, https:\/\/elreporterohgo.com\/noticias\/wp-content\/uploads\/2024\/03\/zzx-almoy.jpg 1650w\" sizes=\"(max-width: 300px) 100vw, 300px\" \/><\/a><\/p>\n","protected":false},"excerpt":{"rendered":"<p>&nbsp; Recordaron el natalicio de Benito Ju\u00e1rez Por Gerardo sol ALMOLOYA, Hgo. \u2013 Con un colorido desfile protagonizado especialmente por alumnos de preescolar, la ma\u00f1ana del pasado jueves, se festej\u00f3 la entrada de la Primavera, por muchos llamada la estaci\u00f3n m\u00e1s bella del a\u00f1o. Tambi\u00e9n se celebr\u00f3 una ceremonia c\u00edvica para honrar el 218\u00b0 aniversario<\/p>\n","protected":false},"author":2,"featured_media":62720,"comment_status":"open","ping_status":"closed","sticky":false,"template":"","format":"standard","meta":{"footnotes":""},"categories":[10,54],"tags":[],"class_list":{"0":"post-62719","1":"post","2":"type-post","3":"status-publish","4":"format-standard","5":"has-post-thumbnail","7":"category-hidalgo","8":"category-lo-ultimo"},"_links":{"self":[{"href":"https:\/\/elreporterohgo.com\/noticias\/wp-json\/wp\/v2\/posts\/62719","targetHints":{"allow":["GET"]}}],"collection":[{"href":"https:\/\/elreporterohgo.com\/noticias\/wp-json\/wp\/v2\/posts"}],"about":[{"href":"https:\/\/elreporterohgo.com\/noticias\/wp-json\/wp\/v2\/types\/post"}],"author":[{"embeddable":true,"href":"https:\/\/elreporterohgo.com\/noticias\/wp-json\/wp\/v2\/users\/2"}],"replies":[{"embeddable":true,"href":"https:\/\/elreporterohgo.com\/noticias\/wp-json\/wp\/v2\/comments?post=62719"}],"version-history":[{"count":1,"href":"https:\/\/elreporterohgo.com\/noticias\/wp-json\/wp\/v2\/posts\/62719\/revisions"}],"predecessor-version":[{"id":62722,"href":"https:\/\/elreporterohgo.com\/noticias\/wp-json\/wp\/v2\/posts\/62719\/revisions\/62722"}],"wp:featuredmedia":[{"embeddable":true,"href":"https:\/\/elreporterohgo.com\/noticias\/wp-json\/wp\/v2\/media\/62720"}],"wp:attachment":[{"href":"https:\/\/elreporterohgo.com\/noticias\/wp-json\/wp\/v2\/media?parent=62719"}],"wp:term":[{"taxonomy":"category","embeddable":true,"href":"https:\/\/elreporterohgo.com\/noticias\/wp-json\/wp\/v2\/categories?post=62719"},{"taxonomy":"post_tag","embeddable":true,"href":"https:\/\/elreporterohgo.com\/noticias\/wp-json\/wp\/v2\/tags?post=62719"}],"curies":[{"name":"wp","href":"https:\/\/api.w.org\/{rel}","templated":true}]}}