{"id":62676,"date":"2024-03-23T00:01:45","date_gmt":"2024-03-23T06:01:45","guid":{"rendered":"https:\/\/elreporterohgo.com\/noticias\/?p=62676"},"modified":"2024-03-23T00:01:45","modified_gmt":"2024-03-23T06:01:45","slug":"cocodi-distingue-a-la-direccion-de-becas-por-mejora-de-proceso","status":"publish","type":"post","link":"https:\/\/elreporterohgo.com\/noticias\/2024\/03\/23\/cocodi-distingue-a-la-direccion-de-becas-por-mejora-de-proceso\/","title":{"rendered":"COCODI distingue a la Direcci\u00f3n de Becas por mejora de proceso"},"content":{"rendered":"<p>Durante la celebraci\u00f3n de las Primeras Sesiones Ordinarias de los Comit\u00e9s de Control y Desempe\u00f1o Institucional (COCODI) y de \u00c9tica y Prevenci\u00f3n de Conflictos de Inter\u00e9s (CEPCI) de la Secretar\u00eda de Educaci\u00f3n P\u00fablica de Hidalgo (SEPH), sus integrantes tomaron importantes acuerdos para dar seguimiento a acciones que permitan la mejora de los procesos y la generaci\u00f3n de un clima laboral saludable, con el objetivo de brindar un servicio educativo de excelencia.<\/p>\n<p>Los integrantes del COCODI coincidieron en que la prevenci\u00f3n de riesgos favorece el cumplimiento de metas y objetivos con enfoque en los resultados, as\u00ed como a la mejora de los programas presupuestarios. <\/p>\n<p>En ese contexto, otorgaron un reconocimiento a la Direcci\u00f3n de Becas, perteneciente a la Direcci\u00f3n General de Vinculaci\u00f3n y Fortalecimiento Institucional, por sus est\u00e1ndares de Control Interno y Desempe\u00f1o Institucional durante el ejercicio 2023.<\/p>\n<p>Cabe destacar que tambi\u00e9n fue presentada la Evaluaci\u00f3n Anual al Control Interno Institucional. <\/p>\n<p>Asimismo, durante la Primera Sesi\u00f3n Ordinaria del CEPCI, luego de actualizar a sus miembros titulares, aprobaron el Programa Anual de Trabajo, al que dar\u00e1n seguimiento a fin de que permeen los contenidos del C\u00f3digo de \u00c9tica de la Administraci\u00f3n P\u00fablica Estatal y el C\u00f3digo de Conducta de la SEPH, con el prop\u00f3sito de que las personas servidoras p\u00fablicas desempe\u00f1en su labor en sana convivencia.<\/p>\n","protected":false},"excerpt":{"rendered":"<p>Durante la celebraci\u00f3n de las Primeras Sesiones Ordinarias de los Comit\u00e9s de Control y Desempe\u00f1o Institucional (COCODI) y de \u00c9tica y Prevenci\u00f3n de Conflictos de Inter\u00e9s (CEPCI) de la Secretar\u00eda de Educaci\u00f3n P\u00fablica de Hidalgo (SEPH), sus integrantes tomaron importantes acuerdos para dar seguimiento a acciones que permitan la mejora de los procesos y la<\/p>\n","protected":false},"author":6,"featured_media":62677,"comment_status":"open","ping_status":"closed","sticky":false,"template":"","format":"standard","meta":{"footnotes":""},"categories":[10,54],"tags":[],"class_list":{"0":"post-62676","1":"post","2":"type-post","3":"status-publish","4":"format-standard","5":"has-post-thumbnail","7":"category-hidalgo","8":"category-lo-ultimo"},"_links":{"self":[{"href":"https:\/\/elreporterohgo.com\/noticias\/wp-json\/wp\/v2\/posts\/62676","targetHints":{"allow":["GET"]}}],"collection":[{"href":"https:\/\/elreporterohgo.com\/noticias\/wp-json\/wp\/v2\/posts"}],"about":[{"href":"https:\/\/elreporterohgo.com\/noticias\/wp-json\/wp\/v2\/types\/post"}],"author":[{"embeddable":true,"href":"https:\/\/elreporterohgo.com\/noticias\/wp-json\/wp\/v2\/users\/6"}],"replies":[{"embeddable":true,"href":"https:\/\/elreporterohgo.com\/noticias\/wp-json\/wp\/v2\/comments?post=62676"}],"version-history":[{"count":1,"href":"https:\/\/elreporterohgo.com\/noticias\/wp-json\/wp\/v2\/posts\/62676\/revisions"}],"predecessor-version":[{"id":62678,"href":"https:\/\/elreporterohgo.com\/noticias\/wp-json\/wp\/v2\/posts\/62676\/revisions\/62678"}],"wp:featuredmedia":[{"embeddable":true,"href":"https:\/\/elreporterohgo.com\/noticias\/wp-json\/wp\/v2\/media\/62677"}],"wp:attachment":[{"href":"https:\/\/elreporterohgo.com\/noticias\/wp-json\/wp\/v2\/media?parent=62676"}],"wp:term":[{"taxonomy":"category","embeddable":true,"href":"https:\/\/elreporterohgo.com\/noticias\/wp-json\/wp\/v2\/categories?post=62676"},{"taxonomy":"post_tag","embeddable":true,"href":"https:\/\/elreporterohgo.com\/noticias\/wp-json\/wp\/v2\/tags?post=62676"}],"curies":[{"name":"wp","href":"https:\/\/api.w.org\/{rel}","templated":true}]}}