{"id":62667,"date":"2024-03-22T19:15:57","date_gmt":"2024-03-23T01:15:57","guid":{"rendered":"https:\/\/elreporterohgo.com\/noticias\/?p=62667"},"modified":"2024-03-22T19:15:57","modified_gmt":"2024-03-23T01:15:57","slug":"a-balazos-quitaron-la-vida-al-dueno-de-bar-tamaras","status":"publish","type":"post","link":"https:\/\/elreporterohgo.com\/noticias\/2024\/03\/22\/a-balazos-quitaron-la-vida-al-dueno-de-bar-tamaras\/","title":{"rendered":"A balazos quitaron la vida al due\u00f1o de bar \u201cTamara\u00b4s\u201d"},"content":{"rendered":"<p>&nbsp;<\/p>\n<p>Mal inicio de la feria del Maguey y la Cebada<\/p>\n<p>Por Juan Sabino Cruz<\/p>\n<p>APAN, Hgo. \u2013 Un par de sicarios privaron de la vida a balazos al due\u00f1o del bar \u201cTamara\u00b4s\u201d, la tarde de hoy, en la calle Guillermo Prieto, como siempre, los homicidas se dieron a la fuga.<\/p>\n<p>EL REPORTERO obtuvo informaci\u00f3n donde se establece que, aproximadamente a las 18:00 horas de hoy, dos sujetos ingresaron al bar \u201cTamaras\u00b4s\u201d, ubicado en la calle Guillermo Prieto y atacaron a balazos a al due\u00f1o Oscar Edy \u201cN\u201d, de 40 a\u00f1os.<\/p>\n<p>Presuntamente, los sicarios despu\u00e9s de consumada la ejecuci\u00f3n huyeron en una camioneta oscura que pudo sr Explored o Gran Cheroke, sin que las autoridades policiacas pudieran ayudar en la b\u00fasqueda con las c\u00e1maras de videovigilancia.<\/p>\n<p>En estos momentos las autoridades policiacas est\u00e1n arremolinadas en la zona del crimen, sin capacidad y mucho menos voluntad de salir a buscar a los delincuentes que operan con total impunidad.<\/p>\n<p>La inseguridad esta incontenible en el municipio de Apan, las personas que se atrevan a acudir a la feria deben tener mucho cuidado de donde dejan sus veh\u00edculos, pues los robos son recurrentes y el jefe de polic\u00eda Eder Fernando Hern\u00e1ndez, carece de capacidad para implementar operativos y garantizar la seguridad.<\/p>\n","protected":false},"excerpt":{"rendered":"<p>&nbsp; Mal inicio de la feria del Maguey y la Cebada Por Juan Sabino Cruz APAN, Hgo. \u2013 Un par de sicarios privaron de la vida a balazos al due\u00f1o del bar \u201cTamara\u00b4s\u201d, la tarde de hoy, en la calle Guillermo Prieto, como siempre, los homicidas se dieron a la fuga. EL REPORTERO obtuvo informaci\u00f3n<\/p>\n","protected":false},"author":2,"featured_media":62668,"comment_status":"open","ping_status":"closed","sticky":false,"template":"","format":"standard","meta":{"footnotes":""},"categories":[10,54],"tags":[],"class_list":{"0":"post-62667","1":"post","2":"type-post","3":"status-publish","4":"format-standard","5":"has-post-thumbnail","7":"category-hidalgo","8":"category-lo-ultimo"},"_links":{"self":[{"href":"https:\/\/elreporterohgo.com\/noticias\/wp-json\/wp\/v2\/posts\/62667","targetHints":{"allow":["GET"]}}],"collection":[{"href":"https:\/\/elreporterohgo.com\/noticias\/wp-json\/wp\/v2\/posts"}],"about":[{"href":"https:\/\/elreporterohgo.com\/noticias\/wp-json\/wp\/v2\/types\/post"}],"author":[{"embeddable":true,"href":"https:\/\/elreporterohgo.com\/noticias\/wp-json\/wp\/v2\/users\/2"}],"replies":[{"embeddable":true,"href":"https:\/\/elreporterohgo.com\/noticias\/wp-json\/wp\/v2\/comments?post=62667"}],"version-history":[{"count":1,"href":"https:\/\/elreporterohgo.com\/noticias\/wp-json\/wp\/v2\/posts\/62667\/revisions"}],"predecessor-version":[{"id":62669,"href":"https:\/\/elreporterohgo.com\/noticias\/wp-json\/wp\/v2\/posts\/62667\/revisions\/62669"}],"wp:featuredmedia":[{"embeddable":true,"href":"https:\/\/elreporterohgo.com\/noticias\/wp-json\/wp\/v2\/media\/62668"}],"wp:attachment":[{"href":"https:\/\/elreporterohgo.com\/noticias\/wp-json\/wp\/v2\/media?parent=62667"}],"wp:term":[{"taxonomy":"category","embeddable":true,"href":"https:\/\/elreporterohgo.com\/noticias\/wp-json\/wp\/v2\/categories?post=62667"},{"taxonomy":"post_tag","embeddable":true,"href":"https:\/\/elreporterohgo.com\/noticias\/wp-json\/wp\/v2\/tags?post=62667"}],"curies":[{"name":"wp","href":"https:\/\/api.w.org\/{rel}","templated":true}]}}