{"id":62646,"date":"2024-03-20T20:28:41","date_gmt":"2024-03-21T02:28:41","guid":{"rendered":"https:\/\/elreporterohgo.com\/noticias\/?p=62646"},"modified":"2024-03-20T20:28:41","modified_gmt":"2024-03-21T02:28:41","slug":"todo-listo-para-el-desfile-de-primavera","status":"publish","type":"post","link":"https:\/\/elreporterohgo.com\/noticias\/2024\/03\/20\/todo-listo-para-el-desfile-de-primavera\/","title":{"rendered":"Todo listo para el desfile de Primavera"},"content":{"rendered":"<p>&nbsp;<\/p>\n<p>Invitan a retirar autom\u00f3viles de las calles<\/p>\n<p>Por Gerardo Sol<\/p>\n<p>ALMOLOYA, Hgo. \u2013 Todo esta listo para celebrar con colorido desfile la entrada de La Primavera y natalicio de Benito Ju\u00e1rez, e benem\u00e9rito de las Am\u00e9ricas.<\/p>\n<p>Presidencia Municipal de Almoloya invita a la poblaci\u00f3n en general a retirar los autom\u00f3viles de las calles por donde pasara el desfile, esto a partir de la ma\u00f1ana para que est\u00e9n libres por el paso de los contingentes.<\/p>\n<p>A las 08:30 hora, dar\u00e1 inicio la desfile donde participan peque\u00f1os contingentes con tablas gimnasticas, bastoneras y gran n\u00famero de vistosos y coloridos contingentes que podr\u00e1 admirar la poblaci\u00f3n en general.<\/p>\n<p>El evento c\u00edvico tambi\u00e9n es para conmemorar el 218 aniversario del natalicio de Benito Ju\u00e1rez.<\/p>\n","protected":false},"excerpt":{"rendered":"<p>&nbsp; Invitan a retirar autom\u00f3viles de las calles Por Gerardo Sol ALMOLOYA, Hgo. \u2013 Todo esta listo para celebrar con colorido desfile la entrada de La Primavera y natalicio de Benito Ju\u00e1rez, e benem\u00e9rito de las Am\u00e9ricas. Presidencia Municipal de Almoloya invita a la poblaci\u00f3n en general a retirar los autom\u00f3viles de las calles por<\/p>\n","protected":false},"author":2,"featured_media":62647,"comment_status":"open","ping_status":"closed","sticky":false,"template":"","format":"standard","meta":{"footnotes":""},"categories":[10,54],"tags":[],"class_list":{"0":"post-62646","1":"post","2":"type-post","3":"status-publish","4":"format-standard","5":"has-post-thumbnail","7":"category-hidalgo","8":"category-lo-ultimo"},"_links":{"self":[{"href":"https:\/\/elreporterohgo.com\/noticias\/wp-json\/wp\/v2\/posts\/62646","targetHints":{"allow":["GET"]}}],"collection":[{"href":"https:\/\/elreporterohgo.com\/noticias\/wp-json\/wp\/v2\/posts"}],"about":[{"href":"https:\/\/elreporterohgo.com\/noticias\/wp-json\/wp\/v2\/types\/post"}],"author":[{"embeddable":true,"href":"https:\/\/elreporterohgo.com\/noticias\/wp-json\/wp\/v2\/users\/2"}],"replies":[{"embeddable":true,"href":"https:\/\/elreporterohgo.com\/noticias\/wp-json\/wp\/v2\/comments?post=62646"}],"version-history":[{"count":1,"href":"https:\/\/elreporterohgo.com\/noticias\/wp-json\/wp\/v2\/posts\/62646\/revisions"}],"predecessor-version":[{"id":62648,"href":"https:\/\/elreporterohgo.com\/noticias\/wp-json\/wp\/v2\/posts\/62646\/revisions\/62648"}],"wp:featuredmedia":[{"embeddable":true,"href":"https:\/\/elreporterohgo.com\/noticias\/wp-json\/wp\/v2\/media\/62647"}],"wp:attachment":[{"href":"https:\/\/elreporterohgo.com\/noticias\/wp-json\/wp\/v2\/media?parent=62646"}],"wp:term":[{"taxonomy":"category","embeddable":true,"href":"https:\/\/elreporterohgo.com\/noticias\/wp-json\/wp\/v2\/categories?post=62646"},{"taxonomy":"post_tag","embeddable":true,"href":"https:\/\/elreporterohgo.com\/noticias\/wp-json\/wp\/v2\/tags?post=62646"}],"curies":[{"name":"wp","href":"https:\/\/api.w.org\/{rel}","templated":true}]}}