{"id":62601,"date":"2024-03-19T22:52:43","date_gmt":"2024-03-20T04:52:43","guid":{"rendered":"https:\/\/elreporterohgo.com\/noticias\/?p=62601"},"modified":"2024-03-19T22:52:56","modified_gmt":"2024-03-20T04:52:56","slug":"abogado-vinculado-a-proeso-por-frauda","status":"publish","type":"post","link":"https:\/\/elreporterohgo.com\/noticias\/2024\/03\/19\/abogado-vinculado-a-proeso-por-frauda\/","title":{"rendered":"Abogado vinculado a proeso por fraude"},"content":{"rendered":"<p>&nbsp;<\/p>\n<p>&nbsp;<\/p>\n<p>PACHUCA, Hgo. &#8211; Con base en datos de prueba aportados por agentes del Ministerio P\u00fablico adscritos a la Subprocuradur\u00eda Oriente, un juez de control dict\u00f3 auto de vinculaci\u00f3n a proceso para una persona identificada con iniciales J. F. D. C., investigada por hechos que la ley sanciona como fraude.<\/p>\n<p>La v\u00edctima denunci\u00f3 ante esta representaci\u00f3n social que en abril de 2015, contrat\u00f3 los servicios legales de la firma jur\u00eddica representada por el ahora imputado, quien bajo el pretexto de supuestos tr\u00e1mites que deb\u00eda hacer, solicit\u00f3 m\u00e1s de 500 mil pesos, entre el 21 de agosto del 2016 y el 21 de octubre del 2022.<\/p>\n<p>Sin embargo, dichos tr\u00e1mites bajo los que justific\u00f3 el recurso solicitado fueron inexistentes, raz\u00f3n por la que la v\u00edctima denunci\u00f3 los hechos ante esta representaci\u00f3n social que inici\u00f3 la carpeta de investigaci\u00f3n correspondiente por fraude. Con base en la denuncia que se recibi\u00f3, personal ministerial reuni\u00f3 los datos de prueba contra J. F. D. C., propietario de una firma jur\u00eddica con sede en Pachuca de Soto.<\/p>\n<p>Una vez que dichos datos de prueba fueron presentados ante un juez de control, el Ministerio P\u00fablico formul\u00f3 imputaci\u00f3n contra el probable responsable y obtuvo el auto de vinculaci\u00f3n a proceso. El imputado permanece bajo la medida cautelar de prisi\u00f3n preventiva y para el cierre de la investigaci\u00f3n complementaria el juez otorg\u00f3 un plazo de cuatro meses.<\/p>\n<p>&nbsp;<\/p>\n<p>&nbsp;<\/p>\n","protected":false},"excerpt":{"rendered":"<p>&nbsp; &nbsp; PACHUCA, Hgo. &#8211; Con base en datos de prueba aportados por agentes del Ministerio P\u00fablico adscritos a la Subprocuradur\u00eda Oriente, un juez de control dict\u00f3 auto de vinculaci\u00f3n a proceso para una persona identificada con iniciales J. F. D. C., investigada por hechos que la ley sanciona como fraude. La v\u00edctima denunci\u00f3 ante<\/p>\n","protected":false},"author":2,"featured_media":62602,"comment_status":"open","ping_status":"closed","sticky":false,"template":"","format":"standard","meta":{"footnotes":""},"categories":[10,54],"tags":[],"class_list":{"0":"post-62601","1":"post","2":"type-post","3":"status-publish","4":"format-standard","5":"has-post-thumbnail","7":"category-hidalgo","8":"category-lo-ultimo"},"_links":{"self":[{"href":"https:\/\/elreporterohgo.com\/noticias\/wp-json\/wp\/v2\/posts\/62601","targetHints":{"allow":["GET"]}}],"collection":[{"href":"https:\/\/elreporterohgo.com\/noticias\/wp-json\/wp\/v2\/posts"}],"about":[{"href":"https:\/\/elreporterohgo.com\/noticias\/wp-json\/wp\/v2\/types\/post"}],"author":[{"embeddable":true,"href":"https:\/\/elreporterohgo.com\/noticias\/wp-json\/wp\/v2\/users\/2"}],"replies":[{"embeddable":true,"href":"https:\/\/elreporterohgo.com\/noticias\/wp-json\/wp\/v2\/comments?post=62601"}],"version-history":[{"count":2,"href":"https:\/\/elreporterohgo.com\/noticias\/wp-json\/wp\/v2\/posts\/62601\/revisions"}],"predecessor-version":[{"id":62604,"href":"https:\/\/elreporterohgo.com\/noticias\/wp-json\/wp\/v2\/posts\/62601\/revisions\/62604"}],"wp:featuredmedia":[{"embeddable":true,"href":"https:\/\/elreporterohgo.com\/noticias\/wp-json\/wp\/v2\/media\/62602"}],"wp:attachment":[{"href":"https:\/\/elreporterohgo.com\/noticias\/wp-json\/wp\/v2\/media?parent=62601"}],"wp:term":[{"taxonomy":"category","embeddable":true,"href":"https:\/\/elreporterohgo.com\/noticias\/wp-json\/wp\/v2\/categories?post=62601"},{"taxonomy":"post_tag","embeddable":true,"href":"https:\/\/elreporterohgo.com\/noticias\/wp-json\/wp\/v2\/tags?post=62601"}],"curies":[{"name":"wp","href":"https:\/\/api.w.org\/{rel}","templated":true}]}}