{"id":62597,"date":"2024-03-19T22:45:36","date_gmt":"2024-03-20T04:45:36","guid":{"rendered":"https:\/\/elreporterohgo.com\/noticias\/?p=62597"},"modified":"2024-03-19T22:45:36","modified_gmt":"2024-03-20T04:45:36","slug":"violador-condenado-a-once-anos-de-prision","status":"publish","type":"post","link":"https:\/\/elreporterohgo.com\/noticias\/2024\/03\/19\/violador-condenado-a-once-anos-de-prision\/","title":{"rendered":"Violador condenado a once a\u00f1os de prisi\u00f3n"},"content":{"rendered":"<p>&nbsp;<\/p>\n<p>PACHUCA, Hgo. &#8211; Personal ministerial adscrito a la Subprocuradur\u00eda de Delitos de G\u00e9nero, Desaparici\u00f3n de Personas e Impacto Social, de la Procuradur\u00eda General de Justicia del Estado de Hidalgo (PGJEH), obtuvo sentencia de 11 a\u00f1os y seis meses de prisi\u00f3n para una persona identificada con iniciales A. M. E., responsable de violencia familiar y violaci\u00f3n agravada.<\/p>\n<p>Los hechos por los que se inici\u00f3 carpeta de investigaci\u00f3n contra el ahora sentenciado, ocurrieron al interior de un inmueble, en Pachuca de Soto, en marzo del 2022, cuando una persona de sexo femenino fue agredida verbal y sexualmente por el imputado.<\/p>\n<p>Una vez que la v\u00edctima acudi\u00f3 a denunciar lo ocurrido, agentes del Ministerio P\u00fablico iniciaron las indagatorias necesarias y reunieron los datos de prueba contra el A. M. E., para posteriormente solicitar a un juez de control la orden de aprehensi\u00f3n correspondiente.<\/p>\n<p>Luego de que dicho mandamiento judicial fue librado, elementos de la Divisi\u00f3n de Investigaci\u00f3n le dieron cumplimiento el 03 de marzo de 2023 y pusieron a la persona imputada a disposici\u00f3n de la autoridad judicial, en espera de que fueran fijadas fecha y hora para la audiencia inicial.<\/p>\n<p>Durante el desahogo de dicha audiencia, personal ministerial formul\u00f3 imputaci\u00f3n contra A. M. E., por violencia familiar y\u00a0 violaci\u00f3n agravada, hechos por los que obtuvo su vinculaci\u00f3n a proceso y qued\u00f3 bajo la medida cautelar de prisi\u00f3n preventiva justificada.<\/p>\n<p>Al concluirse las etapas del proceso penal, el Ministerio P\u00fablico acredit\u00f3 la responsabilidad del imputado y un tribunal de enjuiciamiento le dict\u00f3 fallo condenatorio.<\/p>\n<p>Finalmente este d\u00eda, durante la audiencia de individualizaci\u00f3n de sanciones, esta representaci\u00f3n social obtuvo para A. M. E., sentencia de un a\u00f1o de prisi\u00f3n por hechos que la ley sanciona como violencia familiar y 10 a\u00f1os y seis meses de prisi\u00f3n por violaci\u00f3n agravada.<\/p>\n<p>&nbsp;<\/p>\n<p>&nbsp;<\/p>\n","protected":false},"excerpt":{"rendered":"<p>&nbsp; PACHUCA, Hgo. &#8211; Personal ministerial adscrito a la Subprocuradur\u00eda de Delitos de G\u00e9nero, Desaparici\u00f3n de Personas e Impacto Social, de la Procuradur\u00eda General de Justicia del Estado de Hidalgo (PGJEH), obtuvo sentencia de 11 a\u00f1os y seis meses de prisi\u00f3n para una persona identificada con iniciales A. M. E., responsable de violencia familiar y<\/p>\n","protected":false},"author":2,"featured_media":62598,"comment_status":"open","ping_status":"closed","sticky":false,"template":"","format":"standard","meta":{"footnotes":""},"categories":[10,54],"tags":[],"class_list":{"0":"post-62597","1":"post","2":"type-post","3":"status-publish","4":"format-standard","5":"has-post-thumbnail","7":"category-hidalgo","8":"category-lo-ultimo"},"_links":{"self":[{"href":"https:\/\/elreporterohgo.com\/noticias\/wp-json\/wp\/v2\/posts\/62597","targetHints":{"allow":["GET"]}}],"collection":[{"href":"https:\/\/elreporterohgo.com\/noticias\/wp-json\/wp\/v2\/posts"}],"about":[{"href":"https:\/\/elreporterohgo.com\/noticias\/wp-json\/wp\/v2\/types\/post"}],"author":[{"embeddable":true,"href":"https:\/\/elreporterohgo.com\/noticias\/wp-json\/wp\/v2\/users\/2"}],"replies":[{"embeddable":true,"href":"https:\/\/elreporterohgo.com\/noticias\/wp-json\/wp\/v2\/comments?post=62597"}],"version-history":[{"count":1,"href":"https:\/\/elreporterohgo.com\/noticias\/wp-json\/wp\/v2\/posts\/62597\/revisions"}],"predecessor-version":[{"id":62599,"href":"https:\/\/elreporterohgo.com\/noticias\/wp-json\/wp\/v2\/posts\/62597\/revisions\/62599"}],"wp:featuredmedia":[{"embeddable":true,"href":"https:\/\/elreporterohgo.com\/noticias\/wp-json\/wp\/v2\/media\/62598"}],"wp:attachment":[{"href":"https:\/\/elreporterohgo.com\/noticias\/wp-json\/wp\/v2\/media?parent=62597"}],"wp:term":[{"taxonomy":"category","embeddable":true,"href":"https:\/\/elreporterohgo.com\/noticias\/wp-json\/wp\/v2\/categories?post=62597"},{"taxonomy":"post_tag","embeddable":true,"href":"https:\/\/elreporterohgo.com\/noticias\/wp-json\/wp\/v2\/tags?post=62597"}],"curies":[{"name":"wp","href":"https:\/\/api.w.org\/{rel}","templated":true}]}}