{"id":62594,"date":"2024-03-19T18:12:46","date_gmt":"2024-03-20T00:12:46","guid":{"rendered":"https:\/\/elreporterohgo.com\/noticias\/?p=62594"},"modified":"2024-03-19T18:12:46","modified_gmt":"2024-03-20T00:12:46","slug":"vamos-por-una-educacion-diga-mirna-rubio","status":"publish","type":"post","link":"https:\/\/elreporterohgo.com\/noticias\/2024\/03\/19\/vamos-por-una-educacion-diga-mirna-rubio\/","title":{"rendered":"\u201cVamos por una educaci\u00f3n Diga\u201d: Mirna Rubio"},"content":{"rendered":"<p>&nbsp;<\/p>\n<p>Candidata a diputada federal por el distrito VII<\/p>\n<p>VILLA DE TEZONTEPEC, Hgo. &#8211; A legislar por una educaci\u00f3n digna se comprometi\u00f3 la candidata de Morena a la diputaci\u00f3n federal por el distrito VII, Mirna Rubio S\u00e1nchez, durante un recorrido por el centro y diversas calles del municipio de Villa de Tezontepec, donde dialog\u00f3 con locatarios, toc\u00f3 puertas y particip\u00f3 en reuniones p\u00fablicas que se llevaron a cabo en puntos estrat\u00e9gicos.<\/p>\n<p>En esta visita, la aspirante present\u00f3 sus propuestas y escuch\u00f3 las preocupaciones de la gente para incorporarlas a su plan de trabajo y as\u00ed consolidar un enfoque centrado en las demandas reales de la ciudadan\u00eda.<\/p>\n<p>Mirna Rubio dijo estar plenamente consciente de la importancia del desarrollo y progreso en todo Hidalgo, por lo cual subray\u00f3 su compromiso con el bienestar de todas y todos los habitantes, as\u00ed como su disposici\u00f3n de trabajar para abordar los desaf\u00edos y encontrar soluciones efectivas.<\/p>\n<p>En el recorrido que realiz\u00f3 por las colonias Benito Ju\u00e1rez y Morelos, la aspirante dej\u00f3 en claro la importancia de una educaci\u00f3n de calidad para la ni\u00f1ez y juventud hidalguense. \u201cDesde mi trinchera, legislar\u00e9 por la educaci\u00f3n digna y que nuestros ni\u00f1os tengan las mejores oportunidades de estudio\u201d, destac\u00f3.<\/p>\n<p>Adem\u00e1s, asegur\u00f3 que el distrito VII se ver\u00e1 beneficiado con la llegada del segundo piso de la Cuarta Transformaci\u00f3n, que promete impulsar el desarrollo econ\u00f3mico y social de la regi\u00f3n, generando nuevas oportunidades para sus habitantes y fortaleciendo la infraestructura local.<\/p>\n","protected":false},"excerpt":{"rendered":"<p>&nbsp; Candidata a diputada federal por el distrito VII VILLA DE TEZONTEPEC, Hgo. &#8211; A legislar por una educaci\u00f3n digna se comprometi\u00f3 la candidata de Morena a la diputaci\u00f3n federal por el distrito VII, Mirna Rubio S\u00e1nchez, durante un recorrido por el centro y diversas calles del municipio de Villa de Tezontepec, donde dialog\u00f3 con<\/p>\n","protected":false},"author":2,"featured_media":62595,"comment_status":"open","ping_status":"closed","sticky":false,"template":"","format":"standard","meta":{"footnotes":""},"categories":[10,54],"tags":[],"class_list":{"0":"post-62594","1":"post","2":"type-post","3":"status-publish","4":"format-standard","5":"has-post-thumbnail","7":"category-hidalgo","8":"category-lo-ultimo"},"_links":{"self":[{"href":"https:\/\/elreporterohgo.com\/noticias\/wp-json\/wp\/v2\/posts\/62594","targetHints":{"allow":["GET"]}}],"collection":[{"href":"https:\/\/elreporterohgo.com\/noticias\/wp-json\/wp\/v2\/posts"}],"about":[{"href":"https:\/\/elreporterohgo.com\/noticias\/wp-json\/wp\/v2\/types\/post"}],"author":[{"embeddable":true,"href":"https:\/\/elreporterohgo.com\/noticias\/wp-json\/wp\/v2\/users\/2"}],"replies":[{"embeddable":true,"href":"https:\/\/elreporterohgo.com\/noticias\/wp-json\/wp\/v2\/comments?post=62594"}],"version-history":[{"count":1,"href":"https:\/\/elreporterohgo.com\/noticias\/wp-json\/wp\/v2\/posts\/62594\/revisions"}],"predecessor-version":[{"id":62596,"href":"https:\/\/elreporterohgo.com\/noticias\/wp-json\/wp\/v2\/posts\/62594\/revisions\/62596"}],"wp:featuredmedia":[{"embeddable":true,"href":"https:\/\/elreporterohgo.com\/noticias\/wp-json\/wp\/v2\/media\/62595"}],"wp:attachment":[{"href":"https:\/\/elreporterohgo.com\/noticias\/wp-json\/wp\/v2\/media?parent=62594"}],"wp:term":[{"taxonomy":"category","embeddable":true,"href":"https:\/\/elreporterohgo.com\/noticias\/wp-json\/wp\/v2\/categories?post=62594"},{"taxonomy":"post_tag","embeddable":true,"href":"https:\/\/elreporterohgo.com\/noticias\/wp-json\/wp\/v2\/tags?post=62594"}],"curies":[{"name":"wp","href":"https:\/\/api.w.org\/{rel}","templated":true}]}}