{"id":62591,"date":"2024-03-19T18:03:11","date_gmt":"2024-03-20T00:03:11","guid":{"rendered":"https:\/\/elreporterohgo.com\/noticias\/?p=62591"},"modified":"2024-03-19T18:03:11","modified_gmt":"2024-03-20T00:03:11","slug":"preocupacion-por-escasez-del-agua","status":"publish","type":"post","link":"https:\/\/elreporterohgo.com\/noticias\/2024\/03\/19\/preocupacion-por-escasez-del-agua\/","title":{"rendered":"Preocupaci\u00f3n por escasez del agua"},"content":{"rendered":"<p>&nbsp;<\/p>\n<p>&nbsp;<\/p>\n<p>Pachuca, Hidalgo. &#8211; En medio de la preocupaci\u00f3n por la escasez del vital l\u00edquido, el candidato al senado de la Rep\u00fablica por el Partido del Trabajo (PT), Dami\u00e1n Sosa Castel\u00e1n, realiza un llamado urgente a la acci\u00f3n pol\u00edtica en pro del acceso equitativo al agua en Hidalgo y en todo M\u00e9xico.<\/p>\n<p>&nbsp;<\/p>\n<p>\u00abEl agua no debe ser un lujo en nuestros tiempos. Debemos actuar con determinaci\u00f3n y presentar iniciativas en el senado que nos permitan abordar los desaf\u00edos relacionados con este tema tan crucial\u00bb, enfatiz\u00f3 Sosa Castel\u00e1n.<\/p>\n<p>&nbsp;<\/p>\n<p>El candidato del PT ha anunciado la elaboraci\u00f3n de un proyecto h\u00eddrico, en colaboraci\u00f3n con expertos e investigadores, con el objetivo de enfrentar problemas como la escasez, la distribuci\u00f3n desigual y la gesti\u00f3n del agua.<\/p>\n<p>&nbsp;<\/p>\n<p>\u00abEntiendo plenamente las necesidades de los hidalguenses y estoy seguro de que nos dar\u00e1n su voto de confianza para representarlos en el Senado. Cuando lleguemos all\u00ed, estaremos listos con una iniciativa s\u00f3lida para garantizar el acceso al vital l\u00edquido para todos los mexicanos\u00bb, afirm\u00f3 el aspirante.<\/p>\n<p>&nbsp;<\/p>\n<p>Con un enfoque claro y una campa\u00f1a cercana a la ciudadan\u00eda, Sosa Castel\u00e1n est\u00e1 llevando su mensaje a diversas regiones del estado, incluyendo la Huasteca Hidalguense, el Valle del Mezquital, la Sierra Gorda y la Otom\u00ed Tepehua.<\/p>\n<p>&nbsp;<\/p>\n<p>\u00abBajo el Plan C, buscamos obtener la mayor\u00eda calificada en el Congreso para impulsar nuestras propuestas y lograr una estabilidad pol\u00edtica que beneficie a todos los hidalguenses\u00bb, subray\u00f3.<\/p>\n<p>&nbsp;<\/p>\n","protected":false},"excerpt":{"rendered":"<p>&nbsp; &nbsp; Pachuca, Hidalgo. &#8211; En medio de la preocupaci\u00f3n por la escasez del vital l\u00edquido, el candidato al senado de la Rep\u00fablica por el Partido del Trabajo (PT), Dami\u00e1n Sosa Castel\u00e1n, realiza un llamado urgente a la acci\u00f3n pol\u00edtica en pro del acceso equitativo al agua en Hidalgo y en todo M\u00e9xico. &nbsp; \u00abEl<\/p>\n","protected":false},"author":2,"featured_media":62592,"comment_status":"open","ping_status":"closed","sticky":false,"template":"","format":"standard","meta":{"footnotes":""},"categories":[10,54],"tags":[],"class_list":{"0":"post-62591","1":"post","2":"type-post","3":"status-publish","4":"format-standard","5":"has-post-thumbnail","7":"category-hidalgo","8":"category-lo-ultimo"},"_links":{"self":[{"href":"https:\/\/elreporterohgo.com\/noticias\/wp-json\/wp\/v2\/posts\/62591","targetHints":{"allow":["GET"]}}],"collection":[{"href":"https:\/\/elreporterohgo.com\/noticias\/wp-json\/wp\/v2\/posts"}],"about":[{"href":"https:\/\/elreporterohgo.com\/noticias\/wp-json\/wp\/v2\/types\/post"}],"author":[{"embeddable":true,"href":"https:\/\/elreporterohgo.com\/noticias\/wp-json\/wp\/v2\/users\/2"}],"replies":[{"embeddable":true,"href":"https:\/\/elreporterohgo.com\/noticias\/wp-json\/wp\/v2\/comments?post=62591"}],"version-history":[{"count":1,"href":"https:\/\/elreporterohgo.com\/noticias\/wp-json\/wp\/v2\/posts\/62591\/revisions"}],"predecessor-version":[{"id":62593,"href":"https:\/\/elreporterohgo.com\/noticias\/wp-json\/wp\/v2\/posts\/62591\/revisions\/62593"}],"wp:featuredmedia":[{"embeddable":true,"href":"https:\/\/elreporterohgo.com\/noticias\/wp-json\/wp\/v2\/media\/62592"}],"wp:attachment":[{"href":"https:\/\/elreporterohgo.com\/noticias\/wp-json\/wp\/v2\/media?parent=62591"}],"wp:term":[{"taxonomy":"category","embeddable":true,"href":"https:\/\/elreporterohgo.com\/noticias\/wp-json\/wp\/v2\/categories?post=62591"},{"taxonomy":"post_tag","embeddable":true,"href":"https:\/\/elreporterohgo.com\/noticias\/wp-json\/wp\/v2\/tags?post=62591"}],"curies":[{"name":"wp","href":"https:\/\/api.w.org\/{rel}","templated":true}]}}