{"id":62585,"date":"2024-03-19T16:34:02","date_gmt":"2024-03-19T22:34:02","guid":{"rendered":"https:\/\/elreporterohgo.com\/noticias\/?p=62585"},"modified":"2024-03-19T16:34:02","modified_gmt":"2024-03-19T22:34:02","slug":"exito-en-congreso-nacional-en-derechos-humanos-y-juicios-orales","status":"publish","type":"post","link":"https:\/\/elreporterohgo.com\/noticias\/2024\/03\/19\/exito-en-congreso-nacional-en-derechos-humanos-y-juicios-orales\/","title":{"rendered":"\u00c9xito en Congreso Nacional en Derechos Humanos y Juicios Orales"},"content":{"rendered":"<p>&nbsp;<\/p>\n<p>Destacaron temas como el abuso de la prisi\u00f3n preventiva<\/p>\n<p>Por Juan Sabino Cruz<\/p>\n<p>PACHUCA, Hgo. \u2013 Destacados juristas participaron con dinamismo y pasi\u00f3n en el Congreso Nacional en Derechos Humanos y Juicios Orales 2024, celebrado en el hotel \u201cLa Joya\u201d, en esta capital hidalguense.<\/p>\n<p>El evento que tuvo una duraci\u00f3n de ocho horas, fue sobresaliente al compartir experiencias, el intercambio de conocimientos y las reflexiones de los estudiosos del derecho referentes a los desaf\u00edos del sistema judicial para mantener el estado de derecho.<\/p>\n<p>Los temas que se abordaron incluyeron el amparo directo en el proceso penal acusatorio, la relaci\u00f3n del proceso penal con la prisi\u00f3n preventiva, el litigio especializado en el sistema penal con perspectiva de g\u00e9nero y el inter\u00e9s superior de la ni\u00f1ez, entre otros.<\/p>\n<p>Especial atenci\u00f3n se dio al tema de la prisi\u00f3n preventiva y los derechos humanos de las mujeres, as\u00ed como los principios procesales del nuevo sistema de justicia laboral oral, entre otros.<\/p>\n<p>El evento fue organizado por diversas organizaciones civiles, colegiados de abogados, instituciones educativas y l\u00edderes sociales donde se destac\u00f3 la participaci\u00f3n de destacados ponentes de diversos estados de la Rep\u00fablica Mexicana como fueron representantes de Ciudad de M\u00e9xico, Puebla, Quer\u00e9taro, Tlaxcala y los anfitriones de Hidalgo.<\/p>\n<p>En esta quinta edici\u00f3n del Congreso Nacional de Derechos Humanos y Juicios Orales destac\u00f3 la participaci\u00f3n de la coordinaci\u00f3n ind\u00edgena en Hidalgo, representada por el jurista Cuauht\u00e9moc \u00c1lvarez de la Cruz; Gerardo Espinoza, Presidente de J\u00f3venes Emprendedores de Hidalgo; Rosario Robles Berlanga, ex-Jefa de Gobierno de la Ciudad de M\u00e9xico; Magistrada Federal Maestra Michele Franco Gonz\u00e1lez; doctor en derecho Eduardo Alberto Osorio Rosado; doctora Diana Cristal Gonz\u00e1lez Obreg\u00f3n, redactora del \u00danico C\u00f3digo Nacional de Procedimientos Penales y Cristina Vizca\u00edno D\u00edas, Vicepresidenta de la Barra Mexicana de Abogados. entre otros.<\/p>\n","protected":false},"excerpt":{"rendered":"<p>&nbsp; Destacaron temas como el abuso de la prisi\u00f3n preventiva Por Juan Sabino Cruz PACHUCA, Hgo. \u2013 Destacados juristas participaron con dinamismo y pasi\u00f3n en el Congreso Nacional en Derechos Humanos y Juicios Orales 2024, celebrado en el hotel \u201cLa Joya\u201d, en esta capital hidalguense. El evento que tuvo una duraci\u00f3n de ocho horas, fue<\/p>\n","protected":false},"author":2,"featured_media":62586,"comment_status":"open","ping_status":"closed","sticky":false,"template":"","format":"standard","meta":{"footnotes":""},"categories":[10,54],"tags":[],"class_list":{"0":"post-62585","1":"post","2":"type-post","3":"status-publish","4":"format-standard","5":"has-post-thumbnail","7":"category-hidalgo","8":"category-lo-ultimo"},"_links":{"self":[{"href":"https:\/\/elreporterohgo.com\/noticias\/wp-json\/wp\/v2\/posts\/62585","targetHints":{"allow":["GET"]}}],"collection":[{"href":"https:\/\/elreporterohgo.com\/noticias\/wp-json\/wp\/v2\/posts"}],"about":[{"href":"https:\/\/elreporterohgo.com\/noticias\/wp-json\/wp\/v2\/types\/post"}],"author":[{"embeddable":true,"href":"https:\/\/elreporterohgo.com\/noticias\/wp-json\/wp\/v2\/users\/2"}],"replies":[{"embeddable":true,"href":"https:\/\/elreporterohgo.com\/noticias\/wp-json\/wp\/v2\/comments?post=62585"}],"version-history":[{"count":1,"href":"https:\/\/elreporterohgo.com\/noticias\/wp-json\/wp\/v2\/posts\/62585\/revisions"}],"predecessor-version":[{"id":62587,"href":"https:\/\/elreporterohgo.com\/noticias\/wp-json\/wp\/v2\/posts\/62585\/revisions\/62587"}],"wp:featuredmedia":[{"embeddable":true,"href":"https:\/\/elreporterohgo.com\/noticias\/wp-json\/wp\/v2\/media\/62586"}],"wp:attachment":[{"href":"https:\/\/elreporterohgo.com\/noticias\/wp-json\/wp\/v2\/media?parent=62585"}],"wp:term":[{"taxonomy":"category","embeddable":true,"href":"https:\/\/elreporterohgo.com\/noticias\/wp-json\/wp\/v2\/categories?post=62585"},{"taxonomy":"post_tag","embeddable":true,"href":"https:\/\/elreporterohgo.com\/noticias\/wp-json\/wp\/v2\/tags?post=62585"}],"curies":[{"name":"wp","href":"https:\/\/api.w.org\/{rel}","templated":true}]}}