{"id":62569,"date":"2024-03-18T12:36:44","date_gmt":"2024-03-18T18:36:44","guid":{"rendered":"https:\/\/elreporterohgo.com\/noticias\/?p=62569"},"modified":"2024-03-18T12:36:44","modified_gmt":"2024-03-18T18:36:44","slug":"mujer-acuchillada-en-su-propio-hogar","status":"publish","type":"post","link":"https:\/\/elreporterohgo.com\/noticias\/2024\/03\/18\/mujer-acuchillada-en-su-propio-hogar\/","title":{"rendered":"Mujer acuchillada en su propio hogar"},"content":{"rendered":"<p>&nbsp;<\/p>\n<p>La polic\u00eda ya busca a los responsables<\/p>\n<p>Por Gerardo Sol<\/p>\n<p>APAN, Hgo. \u2013 La inseguridad esta incontenible en Apan, ahora un par de ladrones, protegidos por loa oscuridad de la noche, ingresaron a un domicilio donde acuchillaron a una mujer.<\/p>\n<p>Los hechos fueron denunciados ante el agente del Ministerio P\u00fablico y agentes de la Polic\u00eda de Investigaci\u00f3n ya buscan a los presuntos responsables del atentado.<\/p>\n<p>Informaci\u00f3n obtenida por EL REPORTERO establece que, aproximadamente a las 03:30 horas de ayer, 17 de marzo, un par de sujetos ingresaron a un hogar en la esquina de las calles Reforma y Tijuana, en la popular colonia La Conchita.<\/p>\n<p>Uno ingreso al domicilio de la v\u00edctima identificada como Silvia \u201cN\u201d, de 49 a\u00f1os, el segund\u00f3 se qued\u00f3 haciendo esquina o \u201cechando aguas\u201d.<\/p>\n<p>Parece que los maleantes iban decididos a todo, pues el sujeto que entro al domicilio fue sorprendido en flagrancia por la v\u00edctima y este la atac\u00f3 y le dio una cuchillada en el pecho, a la altura de la clav\u00edcula.<\/p>\n<p>Familiares de la lesionada la trasladaron de emergencia al Hospital regional del altiplano, ah\u00ed recibi\u00f3 correcta atenci\u00f3n m\u00e9dica y, el d\u00eda de hoy, personal m\u00e9dico coment\u00f3 que ya fue dado de alta.<\/p>\n<p>Cabe hacer menci\u00f3n que, a la luz de los sentidos, la inseguridad continuara mientras la alcaldesa priista Guadalupe Mu\u00f1oz Romero y sus incondicionales regidores no quiten al inepto Eder Fernando Hern\u00e1ndez, que funge como Director de Seguridad Municipal gracias a un buen \u201cpadrino\u201d que lo sostiene en el cargo.<\/p>\n","protected":false},"excerpt":{"rendered":"<p>&nbsp; La polic\u00eda ya busca a los responsables Por Gerardo Sol APAN, Hgo. \u2013 La inseguridad esta incontenible en Apan, ahora un par de ladrones, protegidos por loa oscuridad de la noche, ingresaron a un domicilio donde acuchillaron a una mujer. Los hechos fueron denunciados ante el agente del Ministerio P\u00fablico y agentes de la<\/p>\n","protected":false},"author":2,"featured_media":62570,"comment_status":"open","ping_status":"closed","sticky":false,"template":"","format":"standard","meta":{"footnotes":""},"categories":[10,54],"tags":[],"class_list":{"0":"post-62569","1":"post","2":"type-post","3":"status-publish","4":"format-standard","5":"has-post-thumbnail","7":"category-hidalgo","8":"category-lo-ultimo"},"_links":{"self":[{"href":"https:\/\/elreporterohgo.com\/noticias\/wp-json\/wp\/v2\/posts\/62569","targetHints":{"allow":["GET"]}}],"collection":[{"href":"https:\/\/elreporterohgo.com\/noticias\/wp-json\/wp\/v2\/posts"}],"about":[{"href":"https:\/\/elreporterohgo.com\/noticias\/wp-json\/wp\/v2\/types\/post"}],"author":[{"embeddable":true,"href":"https:\/\/elreporterohgo.com\/noticias\/wp-json\/wp\/v2\/users\/2"}],"replies":[{"embeddable":true,"href":"https:\/\/elreporterohgo.com\/noticias\/wp-json\/wp\/v2\/comments?post=62569"}],"version-history":[{"count":1,"href":"https:\/\/elreporterohgo.com\/noticias\/wp-json\/wp\/v2\/posts\/62569\/revisions"}],"predecessor-version":[{"id":62571,"href":"https:\/\/elreporterohgo.com\/noticias\/wp-json\/wp\/v2\/posts\/62569\/revisions\/62571"}],"wp:featuredmedia":[{"embeddable":true,"href":"https:\/\/elreporterohgo.com\/noticias\/wp-json\/wp\/v2\/media\/62570"}],"wp:attachment":[{"href":"https:\/\/elreporterohgo.com\/noticias\/wp-json\/wp\/v2\/media?parent=62569"}],"wp:term":[{"taxonomy":"category","embeddable":true,"href":"https:\/\/elreporterohgo.com\/noticias\/wp-json\/wp\/v2\/categories?post=62569"},{"taxonomy":"post_tag","embeddable":true,"href":"https:\/\/elreporterohgo.com\/noticias\/wp-json\/wp\/v2\/tags?post=62569"}],"curies":[{"name":"wp","href":"https:\/\/api.w.org\/{rel}","templated":true}]}}